{"provider_url": "https://www.uba.mg.leg.br", "title": "\u201cNossa Cidade Sem Barreiras\u201d \u00e9 tema de palestra na CMU", "html": "<p style=\"text-align: justify; \">De acordo com o artigo 5\u00b0 da Constitui\u00e7\u00e3o Federal, todo brasileiro tem direito de ir e vir. Ou seja, existe uma fian\u00e7a legal que d\u00e1 ao cidad\u00e3o o poder de transitar facilmente e chegar a qualquer lugar. Mas, considerando que o Brasil possui cerca de 45,6 milh\u00f5es de pessoas com algum tipo defici\u00eancia, ser\u00e1 que esse direito tem sido garantido?</p>\r\n<p style=\"text-align: justify; \">E foi justamente para debater sobre as quest\u00f5es que envolvem a mobilidade e a acessibilidade, que a C\u00e2mara Municipal de Ub\u00e1, por meio da Escola do Legislativo, recebeu, na \u00faltima quinta-feira (03/08), a arquiteta e urbanista Ya\u00e7ana Lima. Durante a palestra \u201cNossa Cidade Sem Barreiras: como promover a acessibilidade por meio da arquitetura e do urbanismo\u201d, a profissional abordou t\u00f3picos como a mobilidade reduzida e a defici\u00eancia na cidade; a import\u00e2ncia da NBR 9050 da ABNT que rege as quest\u00f5es de acessibilidade; e trouxe exemplos de solu\u00e7\u00f5es implantadas em diversas cidades, al\u00e9m do conceito do Design Universal, que est\u00e1 diretamente relacionado ao significado de sociedade inclusiva.</p>\r\n<p style=\"text-align: center; \"><img src=\"https://www.uba.mg.leg.br/fotos-noticias/Acessibilidade3site.jpg\" alt=\"Palestra Nossa Cidade Sem Barreiras\" class=\"image-inline\" title=\"Palestra Nossa Cidade Sem Barreiras\" /></p>\r\n<p style=\"text-align: justify; \">Participaram da palestra os vereadores Edeir Pacheco (diretor da Escola do Legislativo da CMU), Darci Pires da Silva, Gilson Filgueiras Fazolla, Jane Lacerda, Jos\u00e9 Roberto Filgueiras e Luis Carlos Teixeira Ribeiro. Presentes tamb\u00e9m o vereador Regis, da cidade de Visconde do Rio Branco; o diretor da Superintend\u00eancia Regional de Ensino de Ub\u00e1, Samuel Gazolla Lima; representantes da C\u00e2mara da Melhor Idade de Ub\u00e1; servidores da CMU e representantes da comunidade ubaense.</p>\r\n<p style=\"text-align: justify; \"><strong>A\u00a0acessibilidade\u00a0e\u00a0a\u00a0mobilidade\u00a0em destaque</strong></p>\r\n<p style=\"text-align: justify; \">De acordo com o diretor da Escola do Legislativo, vereador Edeir Pacheco, a grande motiva\u00e7\u00e3o para a realiza\u00e7\u00e3o da palestra foi poder contar com uma profissional que ajudasse a esclarecer pontos sobre a acessibilidade e mobilidade, uma vez que esses assuntos est\u00e3o sempre em discuss\u00e3o na Casa. Ele explicou ainda que proposta do evento vai ao encontro da prepara\u00e7\u00e3o para a vota\u00e7\u00e3o do novo Plano Diretor de Ub\u00e1, que dever\u00e1 acontecer at\u00e9 o final desse ano: \u201c\u00c9 claro que n\u00f3s temos que pensar na cidade do presente, mas \u00e9 urgente tamb\u00e9m pensarmos em como a nossa cidade estar\u00e1 no futuro. Convidamos a Ya\u00e7ana para que ela nos orientasse sobre o que podemos fazer e de que forma podemos trabalhar para que o Plano Diretor seja bem feito, atendendo a cidade como um todo\u201d, esclareceu o vereador.</p>\r\n<p style=\"text-align: justify; \"><span>Vale destacar que o Plano Diretor \u00e9 um instrumento de desenvolvimento da cidade que ajuda a orientar o poder p\u00fablico e a iniciativa privada, tanto para a constru\u00e7\u00e3o de espa\u00e7os urbanos e rurais, quanto de assegurar melhores condi\u00e7\u00f5es de vida para a popula\u00e7\u00e3o.</span></p>\r\n<p style=\"text-align: justify; \"><strong>Olhares\u00a0voltados\u00a0para\u00a0a\u00a0acessibilidade</strong><br /> <br /> Para a integrante do projeto C\u00e2mara da Melhor Idade, Zuleica Evangelista de Andrade, a CMU foi muito feliz na escolha do tema e refor\u00e7ou a import\u00e2ncia da participa\u00e7\u00e3o popular nesse tipo de debate: \u201cA C\u00e2mara est\u00e1 de parab\u00e9ns pela iniciativa. Penso que o plen\u00e1rio deveria estar lotado, pois a popula\u00e7\u00e3o precisa participar mais dessas discuss\u00f5es, pois tais quest\u00f5es fazem parte do nosso dia a dia\u201d.</p>\r\n<p style=\"text-align: justify; \"><span>Quem tamb\u00e9m aprovou a iniciativa foi o diretor da Superintend\u00eancia Regional de Ensino de Ub\u00e1, professor Samuel Gazolla Lima: \u201cMomentos como esse que a C\u00e2mara nos proporcionou s\u00e3o muito importantes, pois nos faz pensar no nosso cotidiano e em qual o modelo de cidade que queremos. \u00c9 preciso valorizar e parabenizar quando nos \u00e9 dada essa oportunidade de discutir temas t\u00e3o relevantes, como \u00e9 o caso da acessibilidade e da mobilidade\u201d, enfatizou Samuel Gazolla Lima.</span></p>\r\n<p style=\"text-align: justify; \">Representando o TEAmo, grupo formado para dar apoio aos autistas e seus familiares, a jornalista e servidora da C\u00e2mara Gisele Caires destacou a pertin\u00eancia do tema abordado sugerindo que o debate seja estendido abarcando tamb\u00e9m as pessoas com defici\u00eancia intelectual, uma vez que, como colocado pela jornalista, \u00e9 muito comum tratar de acessibilidade pensando apenas nas barreiras arquitet\u00f4nicas: \u201cDe uma forma geral, a palestra abordou e trabalhou muito bem as quest\u00f5es que envolvem a acessibilidade e isso vai ajudar abrir a cabe\u00e7a das pessoas para o assunto, mas \u00e9 preciso que as mudan\u00e7as e adapta\u00e7\u00f5es se estendam tamb\u00e9m a quem tem alguma defici\u00eancia intelectual\u201d, completou.</p>\r\n<p style=\"text-align: justify; \"><strong>A\u00a0palestrante:\u00a0vencendo\u00a0barreiras\u00a0</strong><br /> <br /> Depois de muito estudo, viagens e pesquisas, para a palestrante, que tem mobilidade reduzida, o momento tamb\u00e9m foi de grande alegria e realiza\u00e7\u00e3o. \u201cEssa \u00e9 uma porta aberta para uma causa em que eu acredito muito, que \u00e9 a sociedade inclusiva. \u00c9 uma realiza\u00e7\u00e3o muito grande poder falar sobre esse assunto aqui na C\u00e2mara e mostrar que existem pessoas que est\u00e3o pensando e trabalhando nesse sentido. E assim como eu fui atr\u00e1s daquilo em que eu acredito, espero que outras pessoas tamb\u00e9m se mobilizem, para que juntos possamos encontrar alternativas que, de fato, ajudem a melhorar a qualidade de vida de todos\u201d, finalizou Ya\u00e7ana Lima.</p>\r\n<p style=\"text-align: center; \"><img src=\"https://www.uba.mg.leg.br/fotos-noticias/Acessibilidade4site.jpg\" alt=\"Ya\u00e7ana Palestra Nossa Cidade Sem Barreiras\" class=\"image-inline\" title=\"Ya\u00e7ana Palestra Nossa Cidade Sem Barreiras\" /></p>\r\n<p style=\"text-align: justify; \">Ao final da palestra, os participantes tiveram a oportunidade de opinar, esclarecer d\u00favidas e sugerir aquelas mudan\u00e7as que eles acreditam ser fundamentais para a garantia da acessibilidade em Ub\u00e1.</p>\r\n<p style=\"text-align: justify; \">Por Rafaela Namorato - Assessoria da CMU</p>\r\n<p style=\"text-align: justify; \"><em>Acompanhe as not\u00edcias da CMU tamb\u00e9m pela nossa p\u00e1gina no\u00a0<a class=\"external-link\" href=\"https://www.facebook.com/CamaraMunicipalDeUba\" target=\"_blank\" title=\"\">Facebook</a>. Curta e fique por dentro de tudo o que acontece.</em></p>", "author_name": "", "version": "1.0", "author_url": "https://www.uba.mg.leg.br/author/comunicacao", "provider_name": " ", "type": "rich"}