{"provider_url": "https://www.uba.mg.leg.br", "title": "A Pandemia Coronav\u00edrus", "html": "<p align=\"center\" style=\"text-align: justify; \"><span>Coronav\u00edrus \u00e9 uma fam\u00edlia de v\u00edrus que causam infec\u00e7\u00f5es respirat\u00f3rias. O novo agente do coronav\u00edrus foi descoberto em 31/12/19 ap\u00f3s casos registrados na China. Os primeiros coronav\u00edrus humanos foram isolados pela primeira vez em 1937. No entanto, foi em 1965 que o v\u00edrus foi descrito como coronav\u00edrus, em decorr\u00eancia do perfil na microscopia, parecendo uma coroa. A maioria das pessoas se infecta com os coronav\u00edrus comuns ao longo da vida, sendo as crian\u00e7as pequenas mais propensas a se infectarem com o tipo mais comum do v\u00edrus. Os coronav\u00edrus mais comuns que infectam humanos s\u00e3o o alpha coronav\u00edrus 229E e NL63 e beta coronav\u00edrus OC43, HKU1.</span></p>\r\n<p style=\"text-align: justify; \">\u00a0\u00a0\u00a0\u00a0\u00a0\u00a0\u00a0\u00a0\u00a0\u00a0\u00a0 A partir da epidemia registrada na China, foi elaborado pelo Minist\u00e9rio da Sa\u00fade, em fevereiro de 2020, o Plano de Conting\u00eancia Nacional para Infec\u00e7\u00e3o Humana pelo novo Coronav\u00edrus COVID-19, em caso de surto, definindo o n\u00edvel de resposta e a estrutura de comando correspondente a ser configurada, em cada n\u00edvel de resposta. A partir desse momento uma s\u00e9rie de a\u00e7\u00f5es foram adotadas, culminando com a ativa\u00e7\u00e3o no dia 22 de janeiro de 2020 do Centro de Opera\u00e7\u00f5es de Emerg\u00eancia em Sa\u00fade P\u00fablica (COE-COVID-19), do Minist\u00e9rio da Sa\u00fade (MS), coordenado pela Secretaria de Vigil\u00e2ncia em Sa\u00fade (SVS), com o objetivo de nortear a atua\u00e7\u00e3o do MS na resposta \u00e0 poss\u00edvel emerg\u00eancia de sa\u00fade p\u00fablica, buscando uma atua\u00e7\u00e3o coordenada no \u00e2mbito do SUS. O documento est\u00e1 dispon\u00edvel na p\u00e1gina do MS na internet.</p>\r\n<p style=\"text-align: justify; \">O Brasil adota a ferramenta de classifica\u00e7\u00e3o de emerg\u00eancia em tr\u00eas n\u00edveis, seguindo a mesma linha utilizada globalmente na prepara\u00e7\u00e3o e resposta em todo o mundo. Deste modo, recomenda-se que as Secretarias de Sa\u00fade dos Munic\u00edpios, Estados e Governo Federal, bem como servi\u00e7os de sa\u00fade p\u00fablica ou privada, ag\u00eancias, empresas sigam o Plano Nacional na elabora\u00e7\u00e3o de seus planos de conting\u00eancia e medidas de resposta, devendo toda medida ser proporcional e restrita aos riscos vigentes.</p>\r\n<p style=\"text-align: justify; \">\u00a0</p>\r\n<p style=\"text-align: justify; \"><b>O que voc\u00ea precisa saber</b></p>\r\n<p style=\"text-align: justify; \"><span>Per\u00edodo de incuba\u00e7\u00e3o \u00e9 o tempo que leva para os primeiros sintomas aparecerem desde a infec\u00e7\u00e3o, que, no caso do coronav\u00edrus, pode ser de</span><strong>\u00a02 a 14 dias</strong><span>.\u00a0De uma forma geral, a transmiss\u00e3o viral ocorre apenas enquanto persistirem os sintomas. \u00c9 poss\u00edvel a transmiss\u00e3o viral ap\u00f3s a resolu\u00e7\u00e3o dos sintomas, mas a dura\u00e7\u00e3o do per\u00edodo de transmissibilidade \u00e9 desconhecida.\u00a0</span><strong>Durante o per\u00edodo de incuba\u00e7\u00e3o e casos assintom\u00e1ticos n\u00e3o s\u00e3o contagiosos.</strong></p>\r\n<p style=\"text-align: justify; \">\u00a0</p>\r\n<p style=\"text-align: justify; \">A maioria dos coronav\u00edrus\u00a0<strong>geralmente infectam apenas uma esp\u00e9cie animal</strong>\u00a0ou pelo menos um pequeno n\u00famero de esp\u00e9cies proximamente relacionadas. Por\u00e9m, alguns coronav\u00edrus, como o SARS-CoV, podem infectar pessoas e animais. O reservat\u00f3rio animal para o coronav\u00edrus (COVID-19) ainda \u00e9 desconhecido.\u00a0</p>\r\n<p style=\"text-align: justify; \">Os sinais e sintomas do coronav\u00edrus s\u00e3o principalmente respirat\u00f3rios, semelhantes a um resfriado.\u00a0Podem, tamb\u00e9m, causar infec\u00e7\u00e3o do trato respirat\u00f3rio inferior, como as pneumonias. No entanto, o coronav\u00edrus (SARS-CoV-2) ainda precisa de mais estudos e investiga\u00e7\u00f5es para caracterizar melhor os sinais e sintomas da doen\u00e7a.\u00a0</p>\r\n<p style=\"text-align: justify; \"><b>\u00a0</b></p>\r\n<p style=\"text-align: justify; \"><b>SINTOMAS PRINCIPAIS</b></p>\r\n<ul style=\"text-align: justify; \">\r\n<li>Febre</li>\r\n<li>Tosse</li>\r\n<li>Dificuldade para respirar</li>\r\n</ul>\r\n<p style=\"text-align: justify; \"><strong>Qual a diferen\u00e7a entre gripe e o novo coronav\u00edrus?</strong></p>\r\n<p style=\"text-align: justify; \">No in\u00edcio da doen\u00e7a, n\u00e3o existe diferen\u00e7a quanto aos sinais e sintomas de uma infec\u00e7\u00e3o pelo novo coronav\u00edrus em compara\u00e7\u00e3o com os demais v\u00edrus. Por isso, \u00e9 importante ficar atento \u00e0s \u00e1reas de transmiss\u00e3o local e comunit\u00e1ria.</p>\r\n<p style=\"text-align: justify; \">\u00a0</p>\r\n<p style=\"text-align: justify; \"><b>TRANSMISS\u00c3O</b></p>\r\n<p style=\"text-align: justify; \"><b>\u00a0</b><span>As investiga\u00e7\u00f5es sobre as formas de transmiss\u00e3o do coronav\u00edrus ainda est\u00e3o em andamento, mas a dissemina\u00e7\u00e3o de pessoa para pessoa, ou seja, a contamina\u00e7\u00e3o por got\u00edculas respirat\u00f3rias ou contato, est\u00e1 ocorrendo. Qualquer pessoa que tenha contato pr\u00f3ximo (cerca de 1m) com algu\u00e9m com sintomas respirat\u00f3rios est\u00e1 em risco de ser exposta \u00e0 infec\u00e7\u00e3o e a dissemina\u00e7\u00e3o pode ocorrer de forma continuada.</span></p>\r\n<p style=\"text-align: justify; \">A transmiss\u00e3o dos coronav\u00edrus costuma ocorrer pelo ar ou por contato pessoal com secre\u00e7\u00f5es contaminadas, como: got\u00edculas de saliva; espirro; tosse; catarro; contato pessoal pr\u00f3ximo, como toque ou aperto de m\u00e3o; contato com objetos ou superf\u00edcies contaminadas, seguido de contato com a boca, nariz ou olhos. Os coronav\u00edrus apresentam uma transmiss\u00e3o menos intensa que o v\u00edrus da gripe.\u00a0</p>\r\n<p style=\"text-align: justify; \">O per\u00edodo m\u00e9dio de incuba\u00e7\u00e3o por coronav\u00edrus \u00e9 de\u00a0<strong>5 dias</strong>, com intervalos que chegam a\u00a0<strong>12 dias</strong>, per\u00edodo em que os primeiros sintomas levam para aparecer desde a infec\u00e7\u00e3o. A transmissibilidade dos pacientes infectados por SARSCoV \u00e9 em m\u00e9dia de\u00a0<strong>7 dias ap\u00f3s o in\u00edcio dos sintomas</strong>. No entanto, dados preliminares do coronav\u00edrus (SARS-CoV-2) sugerem que a t<strong>ransmiss\u00e3o possa ocorrer mesmo sem o aparecimento de sinais e sintomas</strong>.</p>\r\n<p style=\"text-align: justify; \">\u00a0</p>\r\n<p style=\"text-align: justify; \"><b>PREVEN\u00c7\u00c3O</b></p>\r\n<p style=\"text-align: justify; \">- Evitar contato pr\u00f3ximo com pessoas doentes e que tenham infec\u00e7\u00e3o respirat\u00f3ria aguda;</p>\r\n<p style=\"text-align: justify; \">- Lavar as m\u00e3os frequentemente com \u00e1gua e sab\u00e3o por pelo menos 20 segundos. Se n\u00e3o houver \u00e1gua e sab\u00e3o, usar um antiss\u00e9ptico para as m\u00e3os \u00e0 base de \u00e1lcool em gel, principalmente, ap\u00f3s contato direto com pessoas doentes e antes de se alimentar;</p>\r\n<p style=\"text-align: justify; \">- Usar len\u00e7os descart\u00e1veis para higiene nasal (nada de lencinhos de pano!);</p>\r\n<p style=\"text-align: justify; \">- Cobrir nariz e boca sempre que for espirrar ou tossir com um len\u00e7o de papel e descartar no lixo;</p>\r\n<p style=\"text-align: justify; \">- Higienizar as m\u00e3os sempre depois que tossir ou espirrar;</p>\r\n<p style=\"text-align: justify; \">- Evitar tocar em olhos, nariz e boca com as m\u00e3os n\u00e3o higienizadas;</p>\r\n<p style=\"text-align: justify; \">- Manter ambientes muito bem ventilados;</p>\r\n<p style=\"text-align: justify; \">- N\u00e3o compartilhar objetos de uso pessoal como copos, garrafas e talheres;</p>\r\n<p style=\"text-align: justify; \">- Limpar e desinfetar objetos e superf\u00edcies tocados com frequ\u00eancia;</p>\r\n<p style=\"text-align: justify; \">- Fazer distanciamento social, atrav\u00e9s de isolamento domiciliar.</p>\r\n<p style=\"text-align: justify; \"><b>\u00a0</b></p>\r\n<p style=\"text-align: justify; \"><b>TRATAMENTO</b></p>\r\n<p style=\"text-align: justify; \">Por enquanto, n\u00e3o existe tratamento espec\u00edfico para infec\u00e7\u00f5es causadas por coronav\u00edrus humano. No caso do coronav\u00edrus \u00e9 indicado repouso e consumo de bastante \u00e1gua, al\u00e9m de algumas medidas adotadas para aliviar os sintomas, conforme cada caso, como, por exemplo: uso de medicamento para dor e febre (antit\u00e9rmicos e analg\u00e9sicos); uso de umidificador no quarto ou tomar banho quente para auxiliar no al\u00edvio da dor de garanta e tosse.</p>\r\n<p style=\"text-align: justify; \">\u00a0\u00a0\u00a0\u00a0\u00a0\u00a0\u00a0\u00a0\u00a0\u00a0\u00a0 Assim que os primeiros sintomas surgirem, \u00e9 fundamental procurar ajuda m\u00e9dica imediata para confirmar diagn\u00f3stico e iniciar o tratamento.</p>\r\n<p style=\"text-align: justify; \">Todos os pacientes que receberem alta durante os primeiros 07 dias do in\u00edcio do quadro (qualquer sintoma independente de febre), devem ser alertados para a possibilidade de piora tardia do quadro cl\u00ednico e sinais de alerta de complica\u00e7\u00f5es como: aparecimento de febre (podendo haver casos iniciais sem febre), eleva\u00e7\u00e3o ou reaparecimento de febre ou sinais respirat\u00f3rios, taquicardia (aumento dos batimentos card\u00edacos), dor pleur\u00edtica (dor no peito), fadiga (cansa\u00e7o) e dispn\u00e9ia (falta de ar).</p>\r\n<p style=\"text-align: justify; \"><b>\u00a0</b></p>\r\n<p style=\"text-align: justify; \"><b>DIAGN\u00d3STICO</b></p>\r\n<p style=\"text-align: justify; \">O diagn\u00f3stico do coronav\u00edrus \u00e9 feito com a coleta de materiais respirat\u00f3rios (aspira\u00e7\u00e3o de vias a\u00e9reas ou indu\u00e7\u00e3o de escarro). \u00c9 necess\u00e1ria a coleta de duas amostras na suspeita do coronav\u00edrus. Tal coleta \u00e9 indicada sempre que ocorrer a identifica\u00e7\u00e3o de caso suspeito.</p>\r\n<p style=\"text-align: justify; \">Para confirmar a doen\u00e7a \u00e9 necess\u00e1rio realizar exames de biologia molecular que detecte o RNA viral. Orienta-se a coleta de aspirado de nasofaringe (ANF) ou swabs combinado (nasal/oral) ou tamb\u00e9m amostra de secre\u00e7\u00e3o respirat\u00f3ria inferior (escarro ou lavado traqueal ou lavado bronca alveolar).</p>\r\n<p style=\"text-align: justify; \">Os casos graves devem ser encaminhados a um Hospital de Refer\u00eancia para isolamento e tratamento. Os casos leves devem ser acompanhados pela Aten\u00e7\u00e3o Prim\u00e1ria em Sa\u00fade (APS) e institu\u00eddas medidas de precau\u00e7\u00e3o domiciliar.</p>\r\n<p style=\"text-align: justify; \"><strong><i>\u00a0</i></strong></p>\r\n<p style=\"text-align: justify; \"><b>CASOS SUSPEITOS, PROV\u00c1VEIS E CONFIRMADOS</b></p>\r\n<p style=\"text-align: justify; \"><b>Caso suspeito</b></p>\r\n<ul style=\"text-align: justify; \">\r\n<li>Situa\u00e7\u00e3o 1 \u2013\u00a0<strong>VIAJANTE:</strong>\u00a0pessoa que apresente febre E pelo menos um dos sinais ou sintomas respirat\u00f3rios (tosse, dificuldade para respirar, produ\u00e7\u00e3o de escarro, congest\u00e3o nasal ou conjuntival, dificuldade para deglutir, dor de garganta, coriza, satura\u00e7\u00e3o de O2 &lt; 95%, sinais de cianose, batimento de asa de nariz, tiragem intercostal e dispneia) E com hist\u00f3rico de viagem para pa\u00eds com transmiss\u00e3o sustentada OU \u00e1rea com transmiss\u00e3o local nos \u00faltimos 14 dias (figura 1); OU\r\n<ul>\r\n<li>Situa\u00e7\u00e3o 2 -\u00a0<strong>CONTATO PR\u00d3XIMO:</strong>\u00a0Pessoa que apresente febre OU pelo menos um sinal ou sintoma respirat\u00f3rio (tosse, dificuldade para respirar, produ\u00e7\u00e3o de escarro, congest\u00e3o nasal ou conjuntival, dificuldade para deglutir, dor de garganta, coriza, satura\u00e7\u00e3o de O2 &lt; 95%, sinais de cianose, batimento de asa de nariz, tiragem intercostal e dispneia) E hist\u00f3rico de contato com caso suspeito ou confirmado para COVID-19, nos \u00faltimos 14 dias.</li>\r\n</ul>\r\n</li>\r\n</ul>\r\n<p style=\"text-align: justify; \"><b>\u00a0</b></p>\r\n<p style=\"text-align: justify; \"><b>Caso prov\u00e1vel</b></p>\r\n<ul style=\"text-align: justify; \">\r\n<li>Situa\u00e7\u00e3o 3 -\u00a0<strong>CONTATO DOMICILIAR:</strong>\u00a0Pessoa que manteve contato domiciliar com caso confirmado por COVID-19 nos \u00faltimos 14 dias E que apresente febre OU pelo menos um sinal ou sintoma respirat\u00f3rio (tosse, dificuldade para respirar, produ\u00e7\u00e3o de escarro, congest\u00e3o nasal ou conjuntival, dificuldade para deglutir, dor de garganta, coriza, satura\u00e7\u00e3o de O2 &lt; 95%, sinais de cianose, batimento de asa de nariz, tiragem intercostal e dispneia). Nesta situa\u00e7\u00e3o \u00e9 importante observar a presen\u00e7a de outros sinais e sintomas como: fadiga, mialgia/artralgia, dor de cabe\u00e7a, calafrios, manchas vermelhas pelo corpo, g\u00e2nglios linf\u00e1ticos aumentados, diarreia, n\u00e1usea, v\u00f4mito, desidrata\u00e7\u00e3o e inapet\u00eancia.</li>\r\n</ul>\r\n<p style=\"text-align: justify; \">\u00a0</p>\r\n<p style=\"text-align: justify; \"><b>Caso confirmado</b></p>\r\n<ul style=\"text-align: justify; \">\r\n<li><strong>LABORATORIAL:</strong>\u00a0Caso suspeito ou prov\u00e1vel com resultado positivo em RT-PCR em tempo real, pelo protocolo Charit\u00e9.</li>\r\n<li><strong>CL\u00cdNICO-EPIDEMIOL\u00d3GICO:</strong>\u00a0Caso suspeito ou prov\u00e1vel com hist\u00f3rico de contato pr\u00f3ximo ou domiciliar com caso confirmado laboratorialmente por COVID-19, que apresente febre OU pelo menos um dos sinais ou sintomas respirat\u00f3rios, nos \u00faltimos 14 dias ap\u00f3s o contato, e para o qual n\u00e3o foi poss\u00edvel realizar a investiga\u00e7\u00e3o laboratorial espec\u00edfica.</li>\r\n</ul>\r\n<p style=\"text-align: justify; \"><b>\u00a0</b></p>\r\n<p style=\"text-align: justify; \"><b>OBSERVA\u00c7\u00d5ES</b></p>\r\n<ul style=\"text-align: justify; \">\r\n<li><strong>FEBRE:</strong>\u00a0Considera-se febre aquela acima de 37,8\u00b0.</li>\r\n</ul>\r\n<p style=\"text-align: justify; \">Alerta-se que a febre pode n\u00e3o estar presente em alguns casos como, por exemplo, em pacientes jovens, idosos, imunossuprimidos ou que em algumas situa\u00e7\u00f5es possam ter Boletim Epidemiol\u00f3gico utilizado medicamento antit\u00e9rmico. Nestas situa\u00e7\u00f5es, a avalia\u00e7\u00e3o cl\u00ednica deve ser levada em considera\u00e7\u00e3o e a decis\u00e3o deve ser registrada na ficha de notifica\u00e7\u00e3o.</p>\r\n<p style=\"text-align: justify; \">\u00a0</p>\r\n<ul style=\"text-align: justify; \">\r\n<li><strong>CONTATO PR\u00d3XIMO DE CASOS SUSPEITOS OU CONFIRMADOS DE COVID-19:</strong>\r\n<ul>\r\n<li>Uma pessoa que teve contato f\u00edsico direto (por exemplo, apertando as m\u00e3os);</li>\r\n<li>Uma pessoa que tenha contato direto desprotegido com secre\u00e7\u00f5es infecciosas (por exemplo, sendo tossida, tocando tecidos de papel usados com a m\u00e3o nua);</li>\r\n<li>Uma pessoa que teve contato frente a frente por 15 minutos ou mais e a uma dist\u00e2ncia inferior a 2 metros;</li>\r\n<li>Uma pessoa que esteve em um ambiente fechado (por exemplo, sala de aula, sala de reuni\u00e3o, sala de espera do hospital etc.) por 15 minutos ou mais e a uma dist\u00e2ncia inferior a 2 metros; \u25cb Um profissional de sa\u00fade ou outra pessoa que cuida diretamente de um caso COVID-19 ou trabalhadores de laborat\u00f3rio que manipulam amostras de um caso COVID-19 sem equipamento de prote\u00e7\u00e3o individual recomendado (EPI) ou com uma poss\u00edvel viola\u00e7\u00e3o do EPI;</li>\r\n<li>Um passageiro de uma aeronave sentado no raio de dois assentos (em qualquer dire\u00e7\u00e3o) de um caso confirmado de COVID-19, seus acompanhantes ou cuidadores e os tripulantes que trabalharam na se\u00e7\u00e3o da aeronave em que o caso estava sentado.</li>\r\n</ul>\r\n</li>\r\n</ul>\r\n<p style=\"text-align: justify; \">\u00a0</p>\r\n<ul style=\"text-align: justify; \">\r\n<li><strong>CONTATO DOMICILIAR DE CASO SUSPEITO OU CONFIRMADO DE COVID-19:</strong>\r\n<ul>\r\n<li>Uma pessoa que reside na mesma casa/ambiente. Devem ser considerados os residentes da mesma casa, colegas de dormit\u00f3rio, creche, alojamento, etc.</li>\r\n</ul>\r\n</li>\r\n</ul>\r\n<p style=\"text-align: justify; \"><br /> <strong>A avalia\u00e7\u00e3o do grau de exposi\u00e7\u00e3o do contato deve ser individualizada, considerando-se, o ambiente e o tempo de exposi\u00e7\u00e3o. </strong>Para um correto manejo cl\u00ednico desde o contato inicial com os servi\u00e7os de sa\u00fade, \u00e9 preciso considerar e diferenciar cada caso. Os casos graves devem ser encaminhados a um\u00a0Hospital de Refer\u00eancia estadual para isolamento e tratamento. Os casos suspeitos leves podem n\u00e3o necessitar de hospitaliza\u00e7\u00e3o, sendo acompanhados pela Aten\u00e7\u00e3o Prim\u00e1ria e institu\u00eddas medidas de precau\u00e7\u00e3o domiciliar. Por\u00e9m, \u00e9 necess\u00e1rio avaliar cada caso.</p>\r\n<p style=\"text-align: justify; \"><b>\u00a0</b></p>\r\n<p style=\"text-align: justify; \"><b>EM UB\u00c1</b></p>\r\n<p style=\"text-align: justify; \">Por meio de Comunicados Oficiais, a Prefeitura de Ub\u00e1 divulga a atualiza\u00e7\u00e3o do cen\u00e1rio epidemiol\u00f3gico do Munic\u00edpio. Ainda n\u00e3o h\u00e1 casos confirmados de COVID-19. At\u00e9 23/03/2020, a Secretaria Municipal de Sa\u00fade registrou 31 casos suspeitos em investiga\u00e7\u00e3o, que foram orientados quanto \u00e0s medidas de higiene e isolamento domiciliar, assinando o respectivo Termo de Responsabilidade. Cinco resultados foram recebidos e apontam resultado negativo.</p>\r\n<p style=\"text-align: justify; \">\u00a0</p>\r\n<p style=\"text-align: justify; \"><strong>Chegou de \u00e1reas com casos confirmados ou com transmiss\u00e3o comunit\u00e1ria? Como proceder?</strong></p>\r\n<p style=\"text-align: justify; \">Para quem chega de viagem vindo de local em que haja reconhecimento de transmiss\u00e3o comunit\u00e1ria da doen\u00e7a, \u00e9 solicitado comunicar a Secretaria de Sa\u00fade, atrav\u00e9s do Setor de Epidemiologia, para monitoramento e orienta\u00e7\u00f5es.</p>\r\n<p style=\"text-align: justify; \">O contato dever\u00e1 ser feito atrav\u00e9s dos telefones 3301-6505 / 3301-6503 / 3301- 6506, de segunda a sexta, de 8h \u00e0s 17h. Aos finais de semana, o contato dever\u00e1 ser feito pelo whatsapp atrav\u00e9s do n\u00famero 3301-6503 (somente mensagem, n\u00e3o atende liga\u00e7\u00e3o).\u00a0</p>\r\n<p style=\"text-align: justify; \">- Se estiver apresentando algum sintoma: permane\u00e7a em isolamento domiciliar por 14 dias.</p>\r\n<p style=\"text-align: justify; \">- Caso n\u00e3o apresente nenhum sintoma: permane\u00e7a em isolamento domiciliar por 7 dias.</p>\r\n<p style=\"text-align: justify; \">\u00a0<strong>Quando e onde procurar atendimento m\u00e9dico em Ub\u00e1?</strong></p>\r\n<p style=\"text-align: justify; \">A Prefeitura segue orienta\u00e7\u00e3o do Minist\u00e9rio da Sa\u00fade e recomenda que s\u00f3 procure atendimento quem apresentar sintomas como febre ou sinal/sintoma respirat\u00f3rio. Nestes casos, orienta-se o paciente a procurar as Unidades B\u00e1sicas de Sa\u00fade do Munic\u00edpio (segunda a sexta, de 7h \u00e0s 16h) ou a Policl\u00ednica Regional (7h \u00e0s 20h).</p>\r\n<p style=\"text-align: justify; \">\u00c0 noite e aos finais de semana, pacientes com os sintomas devem procurar o Pronto Atendimento Municipal do Hospital S\u00e3o Vicente de Paulo, que possui local adequado para atendimento e recebeu refor\u00e7o de m\u00e9dico e equipe t\u00e9cnica de retaguarda.</p>\r\n<p style=\"text-align: justify; \">\u00a0</p>\r\n<p style=\"text-align: justify; \"><i>Fonte: Minist\u00e9rio da Sa\u00fade e Prefeitura Municipal de Ub\u00e1</i></p>\r\n<p style=\"text-align: justify; \">\u00a0<i>\u00a0</i></p>\r\n<p style=\"text-align: justify; \"><i>\u00a0</i></p>\r\n<p style=\"text-align: justify; \">\u00a0</p>\r\n<p style=\"text-align: justify; \"><i>\u00a0</i></p>\r\n<p style=\"text-align: justify; \">\u00a0</p>\r\n<p style=\"text-align: justify; \"><i>\u00a0</i></p>\r\n<p style=\"text-align: justify; \"><i>\u00a0</i></p>\r\n<p style=\"text-align: justify; \">\u00a0</p>\r\n<p style=\"text-align: justify; \"><i>\u00a0</i></p>\r\n<p style=\"text-align: justify; \">\u00a0</p>", "author_name": "", "version": "1.0", "author_url": "https://www.uba.mg.leg.br/author/comunicacao", "provider_name": " ", "type": "rich"}