{"provider_url": "https://www.uba.mg.leg.br", "title": "A Tribuna Livre no Legislativo Ubaense", "html": "<p align=\"center\" style=\"text-align: left; \"><span>Prevista no artigo 143 do Regimento Interno da C\u00e2mara Municipal de Ub\u00e1 (Resolu\u00e7\u00e3o n\u00ba 01/2022), a Tribuna Livre \u00e9 um espa\u00e7o concedido pelo Legislativo Ubaense para utiliza\u00e7\u00e3o p\u00fablica e \u00e9 realizada facultativamente, podendo qualquer cidad\u00e3o requerer o seu uso, mediante a autoriza\u00e7\u00e3o pr\u00e9via do Presidente da CMU. Para cada sess\u00e3o ordin\u00e1ria a utiliza\u00e7\u00e3o da Tribuna Livre \u00e9 limitada a duas pessoas, ficando reservado o tempo de dez minutos para cada, exceto para palestras e apresenta\u00e7\u00f5es, casos em que o prazo ser\u00e1 de at\u00e9 20 minutos e poder\u00e1 ser utilizada para este fim apenas uma vez ao m\u00eas.</span></p>\r\n<p style=\"text-align: left; \">A Tribuna Livre pode ser utilizada para:</p>\r\n<p style=\"text-align: left; \">I - exposi\u00e7\u00e3o ou debate de mat\u00e9rias de interesse da comunidade;</p>\r\n<p style=\"text-align: left; \">II - reivindica\u00e7\u00e3o de solu\u00e7\u00e3o a problemas enfrentados pela comunidade;</p>\r\n<p style=\"text-align: left; \">III \u2013 para falar sobre proposi\u00e7\u00e3o legislativa;</p>\r\n<p style=\"text-align: left; \">IV \u2013 para prestar agradecimento;</p>\r\n<p style=\"text-align: left; \">V \u2013 palestras e apresenta\u00e7\u00f5es.</p>\r\n<p style=\"text-align: left; \">A inscri\u00e7\u00e3o deve ser realizada em at\u00e9 quarenta e oito horas de anteced\u00eancia para falar sobre assuntos gerais e at\u00e9 seis horas antes de iniciada a reuni\u00e3o, para falar de projeto de lei pautado. No requerimento dever\u00e1 ser especificado o assunto a ser tratado e caber\u00e1 ao Presidente deferi-lo e cassar a palavra de qualquer orador que extrapolar o tema para o qual se inscreveu.</p>\r\n<p style=\"text-align: left; \">Cada Vereador poder\u00e1 solicitar a palavra por at\u00e9 dois minutos ap\u00f3s o orador encerrar sua exposi\u00e7\u00e3o na Tribuna Livre, caso queira esclarecer ou abordar o algum ponto do assunto exposto, vedada a r\u00e9plica.</p>\r\n<p style=\"text-align: left; \">O orador que utilizar a Tribuna Livre somente poder\u00e1 reutiliz\u00e1-la 120 dias depois.</p>\r\n<p style=\"text-align: left; \">\u00a0</p>\r\n<p style=\"text-align: left; \"><b>Confira quem utilizou a Tribuna Livre no \u00faltimo m\u00eas</b></p>\r\n<p style=\"text-align: left; \"><b>\u00a0</b><span>\u00a0 07 de abril - Solicitante: Genito Pires do Amaral. Assunto: Apresenta\u00e7\u00e3o da vida e obra do Maestro Marum Salum Alexander.</span></p>\r\n<p style=\"text-align: left; \">\u00a0<span>\u00a014 de abril - Solicitante: Vera L\u00facia Miranda Martins Magaton. Assunto: Feiras artesanais e oficinas que s\u00e3o realizadas com materiais recicl\u00e1veis da ind\u00fastria moveleira.</span></p>\r\n<p style=\"text-align: left; \">\u00a0<span>22 de abril \u2013 Solicitantes: 1) Eg\u00eddio Freitas Morais J\u00fanior. Assunto: Destina\u00e7\u00e3o do valor da subven\u00e7\u00e3o aprovada no ano de 2024 por esta Casa em prol do Clube Pra\u00e7a de Esportes, bem como esclarecer sobre as a\u00e7\u00f5es sociais desenvolvidas pela entidade supracitada em prol da popula\u00e7\u00e3o. 2) Juliana de F\u00e1tima Miranda. Assunto: Tecer agradecimentos ao apoio recebido p\u00f3s sa\u00edda da Secretaria de Desenvolvimento Social, pelos servidores municipais da referida secretaria, assim como de alguns personagens locais, falar um pouco sobre o breve trabalho desenvolvido e seu legado junto ao munic\u00edpio de Ub\u00e1.</span></p>\r\n<p style=\"text-align: left; \">\u00a0</p>", "author_name": "", "version": "1.0", "author_url": "https://www.uba.mg.leg.br/author/comunicacao", "provider_name": " ", "type": "rich"}