{"provider_url": "https://www.uba.mg.leg.br", "title": "COVID-19: A\u00e7\u00f5es e funcionamento da C\u00e2mara de Ub\u00e1", "html": "<p style=\"text-align: justify; \">Desde o dia 22 de abril, atendendo ao que disp\u00f5e o Decreto Municipal n\u00ba 6.371/2020, a C\u00e2mara Municipal de Ub\u00e1 voltou \u00e0s atividades presenciais, com o retorno dos servidores aos postos de trabalho. Implantou-se na Casa Legislativa sistema de higieniza\u00e7\u00e3o e desinfec\u00e7\u00e3o de suas depend\u00eancias, sendo fornecidos m\u00e1scaras de prote\u00e7\u00e3o e recipiente com \u00e1lcool gel 70% aos servidores. Cartazes informativos com procedimentos para preven\u00e7\u00e3o ao Coronav\u00edrus tamb\u00e9m foram fixados em todas as salas.</p>\r\n<p style=\"text-align: justify; \">E como medida para conter a propaga\u00e7\u00e3o da Covid-19, reduzindo a circula\u00e7\u00e3o e a perman\u00eancia de pessoas no local, uma parte dos servidores est\u00e3o de f\u00e9rias.</p>\r\n<p style=\"text-align: justify; \">O atendimento presencial ao p\u00fablico externo permanece suspenso, devendo os contatos serem realizados por telefone, e-mail e outras formas remotas. A Diretoria e a Assessoria de Comunica\u00e7\u00e3o da C\u00e2mara se colocam \u00e0 disposi\u00e7\u00e3o para mais informa\u00e7\u00f5es ou d\u00favidas: 3539-5000 (de 7h \u00e0s 18h) - <a class=\"email-link\" href=\"mailto:diretoria@uba.mg.leg.br\" target=\"_blank\" title=\"\">diretoria@uba.mg.leg.br</a> (de 8h \u00e0s 17h).</p>\r\n<p style=\"text-align: justify; \">As reuni\u00f5es ordin\u00e1rias, extraordin\u00e1rias e de Comiss\u00f5es prosseguem sendo realizadas com presen\u00e7a somente de vereadores, servidores e imprensa credenciada. As sess\u00f5es s\u00e3o transmitidas ao vivo na p\u00e1gina da CMU no <a class=\"external-link\" href=\"https://www.facebook.com/CamaraMunicipalDeUba\" target=\"_blank\" title=\"\">Facebook</a> e os v\u00eddeos ficam dispon\u00edveis em nosso canal no <a class=\"external-link\" href=\"https://www.youtube.com/channel/UCwGBe9eQUW4dYqJ3qtXIyFw\" target=\"_blank\" title=\"\">YouTube</a>.</p>\r\n<p style=\"text-align: justify; \">Ainda est\u00e3o vedadas outras atividades que envolvam a participa\u00e7\u00e3o de p\u00fablico externo, tais como eventos institucionais, dentro e fora das depend\u00eancias da C\u00e2mara (semin\u00e1rios, f\u00f3runs t\u00e9cnicos, reuni\u00f5es de comiss\u00e3o com convidados, entre outros); eventos de homenagens; o acesso do p\u00fablico externo aos gabinetes parlamentares e demais depend\u00eancias da C\u00e2mara; os programas de visita\u00e7\u00e3o \u00e0 C\u00e2mara; a cess\u00e3o de espa\u00e7os da Casa para eventos de terceiros.</p>\r\n<p style=\"text-align: justify; \">As inscri\u00e7\u00f5es para o <a class=\"external-link\" href=\"https://transparencia.uba.mg.leg.br/detalhe-do-processo-seletivo/info/concurso-publico-1-2020/3\" target=\"_blank\" title=\"\">Concurso P\u00fablico 01/2020</a> continuam suspensas por tempo indeterminado.</p>", "author_name": "jornalista", "version": "1.0", "author_url": "https://www.uba.mg.leg.br/author/jornalista", "provider_name": " ", "type": "rich"}