{"provider_url": "https://www.uba.mg.leg.br", "title": "Acompanhe o cen\u00e1rio atual da Covid-19 em Ub\u00e1", "html": "<p align=\"center\" style=\"text-align: justify; \"><span>Em entrevista coletiva realizada no dia 22 de julho, a Prefeitura de Ub\u00e1 apresentou dados sobre o panorama da Covid-19 na cidade. Para o prefeito Edson Teixeira Filho, o crescimento do n\u00famero de casos da doen\u00e7a \u00e9 realmente preocupante, mas era o esperado, conforme alerta feito pelo Governo de Minas, de que o pico no Estado aconteceria mesmo nesta \u00e9poca. Da\u00ed ent\u00e3o a tend\u00eancia seria a quantidade estabilizar e come\u00e7ar a decrescer.</span></p>\r\n<p style=\"text-align: justify; \">Foram apresentados dados disponibilizados pelo Instituto Federal Sudeste, considerando a evolu\u00e7\u00e3o da Covid-19 nas cidades pertencentes a macrorregi\u00e3o de Juiz de Fora, da qual fazemos parte. Segundo este estudo, entre os munic\u00edpios com mais de 40 mil habitantes, Ub\u00e1 e Cataguases t\u00eam o menor n\u00famero de casos para cada 10 mil habitantes. Minas Gerais tem 45 casos da doen\u00e7a para cada 10 mil habitantes; o \u00edndice nacional \u00e9 de 103/10000 hab.; e em Ub\u00e1, est\u00e1 em 25 /10000 hab.</p>\r\n<p style=\"text-align: justify; \">Contudo, alertou o prefeito, o n\u00famero de casos ainda tende a aumentar e este processo pode ser r\u00e1pido. Assim, \u00e9 preciso que a popula\u00e7\u00e3o seja consciente e mantenha a\u00e7\u00f5es de distanciamento social, higiene e assepsia das m\u00e3os, bem como o uso obrigat\u00f3rio de m\u00e1scaras.</p>\r\n<p style=\"text-align: justify; \">\u201cO combate \u00e0 Covid n\u00e3o depende das autoridades, depende de toda a sociedade. A Prefeitura continua fiscalizando o cumprimento das medidas de preven\u00e7\u00e3o, mas n\u00e3o vamos vencer a doen\u00e7a pressionando ou oprimindo a popula\u00e7\u00e3o. Cada um sabe os riscos que corre e precisa ter consci\u00eancia da necessidade de se prevenir\u201d, destacou Edson.</p>\r\n<p style=\"text-align: justify; \">Quanto \u00e0 prepara\u00e7\u00e3o da cidade para o eventual pico de contamina\u00e7\u00e3o por Coronav\u00edrus, a secret\u00e1ria de Sa\u00fade Dulcin\u00e9ia Thinassi informou que \u201cnos \u00faltimos 15 dias Ub\u00e1 ampliou o n\u00famero de respiradores dispon\u00edveis e a capacidade de atendimento em UTI\u2019s \u2013 temos hoje 30 novos leitos destinados a pacientes de Covid, estando 12 ocupados\u201d, disse. A secret\u00e1ria tamb\u00e9m declarou que a \u201cCasa de Ora\u00e7\u00e3o\u201d est\u00e1 em funcionamento e devidamente equipada para a finalidade proposta, conforme pensado desde mar\u00e7o pelo Munic\u00edpio.</p>\r\n<p style=\"text-align: justify; \">\u00a0</p>\r\n<p style=\"text-align: justify; \">\u00a0</p>", "author_name": "", "version": "1.0", "author_url": "https://www.uba.mg.leg.br/author/comunicacao", "provider_name": " ", "type": "rich"}