{"provider_url": "https://www.uba.mg.leg.br", "title": "Acompanhe os projetos em tramita\u00e7\u00e3o na C\u00e2mara Municipal de Ub\u00e1", "html": "<p style=\"text-align: justify; \"><span>Na reuni\u00e3o ordin\u00e1ria desta segunda-feira (30), no plen\u00e1rio do Legislativo Ubaense, os vereadores aprovaram, por unanimidade, em 1\u00aa vota\u00e7\u00e3o os seguintes Projetos: O de n\u00ba 083/2020, que disp\u00f5e sobre a altera\u00e7\u00e3o do Anexo de Metas Fiscais e do Anexo de Metas e Prioridades, ambos integrantes das Diretrizes Or\u00e7ament\u00e1rias para o exerc\u00edcio de 2021 institu\u00eddas pela Lei Municipal n.\u00ba 4.790/2020, e d\u00e1 outras provid\u00eancias e o de n\u00ba 084/2020, que versa sobre a altera\u00e7\u00e3o dos Programas, Objetivos e Metas da Administra\u00e7\u00e3o Municipal referente ao Plano Plurianual do Quadri\u00eanio 2018-2021, institu\u00eddo pela Lei Municipal n.\u00ba 4.525/2017, e d\u00e1 outras provid\u00eancias. Estes projetos de lei retornam \u00e0 pauta de discuss\u00f5es na pr\u00f3xima reuni\u00e3o ordin\u00e1ria, em 07 de dezembro.</span></p>\r\n<p style=\"text-align: justify; \">Os vereadores Pastor Darci Pires e Edeir Pacheco da Costa n\u00e3o participaram desta\u00a0reuni\u00e3o, estando afastados por motivos de sa\u00fade. Eles foram substitu\u00eddos pelos suplentes Ademir da Fonseca Firmiano e Edvar Miquelito.</p>", "author_name": "", "version": "1.0", "author_url": "https://www.uba.mg.leg.br/author/comunicacao", "provider_name": " ", "type": "rich"}