{"provider_url": "https://www.uba.mg.leg.br", "title": "ALMG promove \u201cEncontros com a Pol\u00edtica\u201d na C\u00e2mara", "html": "<p style=\"text-align: justify; \"><span>A C\u00e2mara Municipal de Ub\u00e1 ser\u00e1 sede do evento Encontros com a Pol\u00edtica, da Assembleia Legislativa de Minas Gerais, no dia 23 de junho. A abertura est\u00e1 programada para as 8h30. O evento \u00e9 destinado a servidores, vereadores de Ub\u00e1 e regi\u00e3o, pr\u00e9-candidatos \u00e0 verean\u00e7a, e tamb\u00e9m aos cidad\u00e3os interessados no assunto.</span></p>\r\n<p style=\"text-align: justify; \">O professor Jos\u00e9 Alcione Bernardes Junior, mestre em Direito Constitucional pela Universidade Federal de Minas Gerais (<span class=\"text_exposed_show\">UFMG), especialista em assessoria t\u00e9cnico-legislativa avan\u00e7ada, consultor da ALMG e professor da Escola do Legislativo, far\u00e1 de 9h \u00e0s 11h, a palestra sobre o tema Poder Legislativo e Cidadania. Haver\u00e1 intervalo para almo\u00e7o de 11h \u00e0s 13h.</span></p>\r\n<div class=\"text_exposed_show\">\r\n<p style=\"text-align: justify; \">A programa\u00e7\u00e3o ter\u00e1 continuidade \u00e0s 13h30 com a palestra \u201cO vereador e a Fiscaliza\u00e7\u00e3o dos Recursos P\u00fablicos\u201d, que ser\u00e1 proferida por Alexandre Bossi, que \u00e9 doutor em Contabilidade e Finan\u00e7as, mestre em Contabilidade e Finan\u00e7as Internacional, especialista em Contabilidade P\u00fablica, consultor da ALMG e professor da Escola do Legislativo.</p>\r\n<p style=\"text-align: justify; \">As inscri\u00e7\u00f5es s\u00e3o gratuitas e podem ser feitas pelo telefone (32) 3539-5016. Participe!</p>\r\n</div>", "author_name": "", "version": "1.0", "author_url": "https://www.uba.mg.leg.br/author/informatica", "provider_name": " ", "type": "rich"}