{"provider_url": "https://www.uba.mg.leg.br", "title": "Alunos da Escola Estadual L\u00edvio Carneiro visitam CMU", "html": "<div class=\"xdj266r x11i5rnm xat24cr x1mh8g0r x1vvkbs x126k92a\">\r\n<div dir=\"auto\" style=\"text-align: justify; \">A C\u00e2mara Municipal de Ub\u00e1 recebeu, em 09 de maio, a visita dos estudantes\u00a0 do 6\u00ba ano da Escola Estadual L\u00edvio Carneiro. Eles participaram do Projeto Escola na C\u00e2mara coordenado pela Escola do Legislativo. Os alunos conhecerem um pouco sobre os Tr\u00eas\u00a0<span>Poderes\u00a0 e o funcionamento do Poder Legislativo.</span></div>\r\n</div>\r\n<div class=\"x11i5rnm xat24cr x1mh8g0r x1vvkbs xtlvy1s x126k92a\" style=\"text-align: justify; \">\r\n<div dir=\"auto\">Foi apresentado \u00e0s crian\u00e7as de modo interativo, todos os vereadores que comp\u00f5em a 50\u00aa Legislatura desta casa. Em seguida, conheceram as instala\u00e7\u00f5es da C\u00e2mara<span>.</span></div>\r\n</div>\r\n<div class=\"x11i5rnm xat24cr x1mh8g0r x1vvkbs xtlvy1s x126k92a\" style=\"text-align: justify; \">\r\n<div dir=\"auto\">Os estudantes foram recepcionadas pelo Vereador Gilson Fazolla Filgueiras.</div>\r\n</div>\r\n<div class=\"x11i5rnm xat24cr x1mh8g0r x1vvkbs xtlvy1s x126k92a\" style=\"text-align: justify; \">\r\n<div dir=\"auto\">TRAGAM SUA ESCOLA \u00c0 C\u00c2MARA!</div>\r\n</div>\r\n<div class=\"x11i5rnm xat24cr x1mh8g0r x1vvkbs xtlvy1s x126k92a\">\r\n<div dir=\"auto\" style=\"text-align: justify; \">AGENDE UMA VISITA!</div>\r\n<div dir=\"auto\" style=\"text-align: justify; \">Mais informa\u00e7\u00f5es na Escola do Legislativo, pelo telefone (32)3539-5018.</div>\r\n</div>", "author_name": "", "version": "1.0", "author_url": "https://www.uba.mg.leg.br/author/comunicacao", "provider_name": " ", "type": "rich"}