{"provider_url": "https://www.uba.mg.leg.br", "title": "Alunos do ensino fundamental visitam a C\u00e2mara", "html": "<div class=\"kvgmc6g5 cxmmr5t8 oygrvhab hcukyx3x c1et5uql ii04i59q\">\r\n<div dir=\"auto\"><span>A C\u00e2mara Municipal de Ub\u00e1 recebeu em 12/5 a visita de 60 alunos do 4\u00ba ano do ensino fundamental da Escola Municipal Irm\u00e3 Ana Maria Teixeira Costa, unidade Coronel Camilo Soares.</span></div>\r\n</div>\r\n<div class=\"cxmmr5t8 oygrvhab hcukyx3x c1et5uql o9v6fnle ii04i59q\">\r\n<div dir=\"auto\">A visita faz parte do curr\u00edculo escolar dos estudantes que iniciaram os estudos sobre os tr\u00eas poderes do Estado, aprendendo a funcionalidade e objetivo de cada um. Os alunos tiveram a oportunidade de simular uma reuni\u00e3o e receberam orienta\u00e7\u00f5es dos servidores e do Presidente da Escola do Legislativo, vereador Edeir Pacheco da Costa, sobre o funcionamento da C\u00e2mara e o papel do Vereador.</div>\r\n</div>\r\n<div class=\"cxmmr5t8 oygrvhab hcukyx3x c1et5uql o9v6fnle ii04i59q\">\r\n<div dir=\"auto\">A C\u00e2mara Municipal de Ub\u00e1 criou por interm\u00e9dio da Lei 3756 de 3 de junho de 2009, o Projeto \u201cEscola na C\u00e2mara\u201d que tem como objetivo principal o desenvolvimento da cidadania e fomentar a busca de conhecimento sobre o processo legislativo.</div>\r\n</div>\r\n<div class=\"cxmmr5t8 oygrvhab hcukyx3x c1et5uql o9v6fnle ii04i59q\">\r\n<div dir=\"auto\">Os estudantes se revezaram em perguntas ao parlamentar sobre os projetos, requisitos para ser um vereador, a rotina da C\u00e2mara, entre outras curiosidades.</div>\r\n</div>", "author_name": "", "version": "1.0", "author_url": "https://www.uba.mg.leg.br/author/comunicacao", "provider_name": " ", "type": "rich"}