{"provider_url": "https://www.uba.mg.leg.br", "title": "Ao me cuidar, eu cuido de voc\u00ea tamb\u00e9m!", "html": "<p style=\"text-align: justify; \">A C\u00e2mara Municipal de Ub\u00e1, em parceria com a Prefeitura, Associa\u00e7\u00e3o Comercial e Industrial (ACIUb\u00e1), Ag\u00eancia de Desenvolvimento de Ub\u00e1 e Regi\u00e3o (Adubar) e o Sindicato intermunicipal das Ind\u00fastrias do Mobili\u00e1rio de Ub\u00e1 (Intersind), promovem uma campanha de conscientiza\u00e7\u00e3o sobre a Covid-19, voltada para a prote\u00e7\u00e3o e os cuidados durante a pandemia e aborda tamb\u00e9m a import\u00e2ncia de se tomar as duas doses da vacina contra o Coronav\u00edrus. O slogan da campanha \u00e9: Ao me cuidar, eu cuido de voc\u00ea tamb\u00e9m.</p>\r\n<p style=\"text-align: justify; \">As tarefas para evitar o cont\u00e1gio j\u00e1 s\u00e3o mais do que conhecidas, mas \u00e9 importante refor\u00e7ar para que a ideia de prote\u00e7\u00e3o esteja cada vez mais presente no cotidiano das pessoas. Prote\u00e7\u00e3o para si e para os outros.</p>\r\n<p style=\"text-align: justify; \">A prefeitura divulga diariamente em suas redes sociais o calend\u00e1rio de vacina\u00e7\u00e3o para cada p\u00fablico espec\u00edfico. Pedimos \u00e0 popula\u00e7\u00e3o que acompanhe para saber quando chegar\u00e1 sua vez de se imunizar, e, at\u00e9 l\u00e1, n\u00e3o deixe de tomar todos os cuidados necess\u00e1rios.</p>\r\n<p style=\"text-align: justify; \">A vacina contra a Covid-19 \u00e9 a principal esperan\u00e7a para conter a dissemina\u00e7\u00e3o do v\u00edrus. H\u00e1 tamb\u00e9m um n\u00edvel coletivo de prote\u00e7\u00e3o oferecido pelas vacinas, que torna a imuniza\u00e7\u00e3o ainda mais importante. \u00c0 medida que os habitantes come\u00e7am a ser imunizados, h\u00e1 menos infec\u00e7\u00f5es e menos pessoas transmitindo o v\u00edrus para outras. Com isso, a tend\u00eancia \u00e9 que se reduza a circula\u00e7\u00e3o do agente infeccioso aos poucos.</p>\r\n<p style=\"text-align: justify; \">Al\u00e9m disso, do ponto de vista coletivo, como diminui a chance de doen\u00e7a e dissemina\u00e7\u00e3o, reduz-se a carga nos servi\u00e7os de sa\u00fade p\u00fablica.</p>\r\n<p style=\"text-align: justify; \"><strong><span>\u00c9 hora de uni\u00e3o!</span></strong></p>\r\n<p style=\"text-align: justify; \">Juntos, estamos fazendo com que Ub\u00e1 ven\u00e7a a pandemia. Em mais de um ano enfrentamos desafios e passamos por dias de incertezas diante do coronav\u00edrus. Mas \u00e9 tamb\u00e9m juntos que vamos recome\u00e7ar.</p>\r\n<p style=\"text-align: justify; \">Precisamos, todos, respeitar as normas da Organiza\u00e7\u00e3o Mundial de Sa\u00fade (OMS), que s\u00e3o: utilizar m\u00e1scaras, com prote\u00e7\u00e3o comprovada, evitar locais fechados e aglomera\u00e7\u00f5es, lavar bem as m\u00e3os e utilizar \u00e1lcool em gel.</p>\r\n<p style=\"text-align: center; \"><em><strong>Vamos vencer esta batalha!</strong></em></p>\r\n<p style=\"text-align: justify; \">\u00a0</p>\r\n<p style=\"text-align: justify; \">\u00a0</p>\r\n<p style=\"text-align: justify; \"><i>Por Gisele Caires</i></p>\r\n<p style=\"text-align: justify; \"><i>Jornalista CMU</i></p>", "author_name": "jornalista", "version": "1.0", "author_url": "https://www.uba.mg.leg.br/author/jornalista", "provider_name": " ", "type": "rich"}