{"provider_url": "https://www.uba.mg.leg.br", "title": "Audi\u00eancia P\u00fablica de Presta\u00e7\u00e3o de Contas: acompanhe e participe!", "html": "<p style=\"text-align: justify; \">Atendendo ao disposto no par\u00e1grafo 4\u00ba do artigo 9\u00ba da Lei de Responsabilidade Fiscal (Lei 101/2000), a C\u00e2mara Municipal de Ub\u00e1, por meio da Comiss\u00e3o de Or\u00e7amento, Finan\u00e7as e Tomada de Contas (COFTC), realiza na pr\u00f3xima quarta-feira, 10 de junho, \u00e0s 10h, Audi\u00eancia P\u00fablica para aprecia\u00e7\u00e3o da Presta\u00e7\u00e3o de Contas do Munic\u00edpio, referente ao primeiro quadrimestre de 2020.</p>\r\n<p style=\"text-align: justify; \">A sess\u00e3o ser\u00e1 transmitida ao vivo pela p\u00e1gina da CMU na internet e permite a participa\u00e7\u00e3o popular, mas devido \u00e0s orienta\u00e7\u00f5es de distanciamento social, a intera\u00e7\u00e3o com o p\u00fablico se dar\u00e1 de forma virtual. Durante a audi\u00eancia, um link ser\u00e1 disponibilizado na p\u00e1gina inicial do site para que, por ele, a popula\u00e7\u00e3o possa encaminhar perguntas e sugest\u00f5es, que ser\u00e3o repassadas instantaneamente aos parlamentares.</p>\r\n<p style=\"text-align: justify; \">Trata-se de reuni\u00e3o na qual a participa\u00e7\u00e3o popular \u00e9 muito importante. Ali \u00e9 apresentada a Execu\u00e7\u00e3o Or\u00e7ament\u00e1ria do Munic\u00edpio naquele per\u00edodo, as receitas e despesas de maneira detalhada e anal\u00edtica.</p>", "author_name": "", "version": "1.0", "author_url": "https://www.uba.mg.leg.br/author/informatica", "provider_name": " ", "type": "rich"}