{"provider_url": "https://www.uba.mg.leg.br", "title": "Aulas do Pr\u00e9-Enem Social come\u00e7am em maio", "html": "<p align=\"center\" style=\"text-align: justify; \"><span>A C\u00e2mara Municipal de Ub\u00e1 (CMU) e o Instituto Federal de Educa\u00e7\u00e3o, Ci\u00eancia e Tecnologia de Minas Gerais (IFMG) promovem a partir de 27 de maio o Pr\u00e9-Enem Social 2017. O Curso Preparat\u00f3rio para o Exame Nacional do Ensino M\u00e9dio (ENEM) \u00e9 gratuito, contempla alunos da rede p\u00fablica de ensino, e ser\u00e1 realizado aos s\u00e1bados, das 14 \u00e0s 18 horas, no plen\u00e1rio da C\u00e2mara, sob a coordena\u00e7\u00e3o da Escola do Legislativo (EL).</span></p>\r\n<p style=\"text-align: justify; \">As quatro \u00e1reas de conhecimento avaliadas no exame ser\u00e3o trabalhadas nas aulas, iniciando no pr\u00f3ximo dia 27 de maio com a disciplina de Qu\u00edmica, ministrada pelo professor Elder Magno Gava Ferr\u00e3o (IFMG).</p>\r\n<p style=\"text-align: justify; \"><b>O projeto</b></p>\r\n<p style=\"text-align: justify; \"><span>Desde 2015 o Pr\u00e9-Enem Social est\u00e1 entre os projetos de destaque da C\u00e2mara Municipal de Ub\u00e1 e em 2017 n\u00e3o poderia ser diferente. Cerca de 700 alunos participaram das duas edi\u00e7\u00f5es anteriores desta iniciativa que visa oferecer a prepara\u00e7\u00e3o gratuita de aprendizagem para os estudantes que v\u00e3o participar do ENEM.</span></p>\r\n<p style=\"text-align: justify; \">Parcerias gratuitas s\u00e3o firmadas entre a CMU e institui\u00e7\u00f5es de ensino reconhecidas. Neste ano, nosso parceiro \u00e9 o IFMG, cujo quadro docente est\u00e1 respons\u00e1vel por ministrar as aulas.</p>\r\n<p style=\"text-align: justify; \">\u00a0<b>Inscreva-se!</b></p>\r\n<p style=\"text-align: justify; \">\u00a0<span>As inscri\u00e7\u00f5es podem ser feitas junto \u00e0 Escola do Legislativo da CMU, pelo telefone (32)3539-5013. Para a aula de Qu\u00edmica, que abre o curso no dia 27 de maio, os interessados tamb\u00e9m podem se inscrever preenchendo o formul\u00e1rio no link:</span></p>\r\n<p style=\"text-align: justify; \"><a href=\"https://docs.google.com/a/ifmg.edu.br/forms/d/1KjT8i8JTD_8_baLpFZrAgLfiyC9XpyYQ38vgx0NdFUE/edit\" target=\"_blank\">https://docs.google.com/a/ifmg.edu.br/forms/d/1KjT8i8JTD_8_baLpFZrAgLfiyC9XpyYQ38vgx0NdFUE/edit</a>.</p>\r\n<p style=\"text-align: justify; \">\u00a0</p>", "author_name": "", "version": "1.0", "author_url": "https://www.uba.mg.leg.br/author/comunicacao", "provider_name": " ", "type": "rich"}