{"provider_url": "https://www.uba.mg.leg.br", "title": "Autoridades do munic\u00edpio discutem seguran\u00e7a p\u00fablica em Ub\u00e1", "html": "<p><span>A presidente da C\u00e2mara Municipal de Ub\u00e1, vereadora Ros\u00e2ngela Maria Alfenas de Andrade representou o Poder Legislativo, no 1\u00ba Semin\u00e1rio de Seguran\u00e7a P\u00fablica, promovido, em 14 de junho, pela Ag\u00eancia de Desenvolvimento de Ub\u00e1 e Regi\u00e3o (Adubar), em parceria com a Faculdade Governador Ozanam Coelho (Fagoc), a Prefeitura Municipal de Ub\u00e1 e a Unimed Ub\u00e1, no audit\u00f3rio Ary Barroso, da Fagoc.</span></p>\r\n<p>O evento prop\u00f4s um debate com autoridades dos poderes Executivo, Legislativo e Judici\u00e1rio de Ub\u00e1, al\u00e9m de empres\u00e1rios do com\u00e9rcio e ind\u00fastrias da cidade para que possam, juntos, desenvolver a\u00e7\u00f5es que contribuam com a redu\u00e7\u00e3o da viol\u00eancia na regi\u00e3o.</p>\r\n<p>Al\u00e9m do debate e elabora\u00e7\u00e3o de pacto para a seguran\u00e7a p\u00fablica, a programa\u00e7\u00e3o contou com a palestra: \u201cA Seguran\u00e7a P\u00fablica no Brasil Tem Jeito\u201d, ministrada pelo Doutor em Sociologia, ex-secret\u00e1rio adjunto de Seguran\u00e7a de MG, professor da Puc Minas, Luiz Fl\u00e1vio Sapori. No encerramento, as autoridades assinaram uma carta de inten\u00e7\u00f5es para a seguran\u00e7a p\u00fablica em Ub\u00e1. As informa\u00e7\u00f5es contidas neste documento ser\u00e3o analisadas em uma reuni\u00e3o agendada para 29 de Junho de 2018, no F\u00f3rum Desembargador C\u00e2ncio Prazeres - Sal\u00e3o do J\u00fari, com os respectivos representantes da mesa diretora desse semin\u00e1rio.</p>\r\n<p>Al\u00e9m da presidente da C\u00e2mara, Ros\u00e2ngela Alfenas e do palestrante Luiz Fl\u00e1vio, integraram a mesa diretora do encontro as seguintes autoridades: o prefeito de Ub\u00e1, Edson Teixeira Filho, o juiz da Vara Criminal Inf\u00e2ncia e Juventude e Execu\u00e7\u00e3o Penal, Nilo Marques Martins J\u00fanior, a promotora de Justi\u00e7a, Let\u00edcia Vidal Tr\u00f3ccoli Guerra de Oliveira, a defensora P\u00fablica, Paula \u00c1vila Dantas Br\u00fanner, o comandante do 21\u00ba Batalh\u00e3o de Pol\u00edcia Militar, Tenente-coronel PM, Giovani do Carmo Ramos, o comandante da 2\u00aa Companhia/ 4\u00ba Batalh\u00e3o de Bombeiro Militar, capit\u00e3o Patrick Tavares Gomes, o diretor Geral do Pres\u00eddio de Ub\u00e1, Alexandre Henrique Ferrari, o presidente da Adubar, Rafael Lucas Bousada, o superintendente acad\u00eamico, professor Marcelo Daibert, representando a dire\u00e7\u00e3o da Fagoc e o delegado de Pol\u00edcia Civil Bruno Salles Mattos, representando o delegado regional.</p>\r\n<p>Tamb\u00e9m participaram, secret\u00e1rios municipais, bem como, representantes de entidades de classe, de bairros, estudantes e cidad\u00e3os que desempenham um papel social na comunidade.</p>\r\n<p>Segundo a presidente da C\u00e2mara, vereadora Ros\u00e2ngela Maria Alfenas de Andrade, \u00e9 preciso urgentemente tomar iniciativas que garantam a seguran\u00e7a dos ubaenses e da popula\u00e7\u00e3o brasileira: \u201cA sensa\u00e7\u00e3o de falta de seguran\u00e7a aflige hoje toda a nossa sociedade. Este semin\u00e1rio \u00e9 muito importante por ser uma jun\u00e7\u00e3o de for\u00e7as, uma vez que ningu\u00e9m faz nada sozinho. A responsabilidade n\u00e3o \u00e9 somente das Pol\u00edcias Militar, Civil e do Judici\u00e1rio, e, sim, de todos n\u00f3s, come\u00e7ando dentro de nossa casa, no seio de nossa fam\u00edlia. Por isso, acredito que, apenas se estivermos juntos e em sintonia, poderemos fazer algo para melhorar a situa\u00e7\u00e3o\u201d, destacou.</p>\r\n<p>O palestrante Luiz Fl\u00e1vio Sapori apresentou em sua palestra, dados estat\u00edsticos sobre a viol\u00eancia no Brasil e defendeu: \u201cO desafio do Brasil \u00e9 adotar nos pr\u00f3ximos anos uma pol\u00edtica de seguran\u00e7a p\u00fablica concreta. Para isto, \u00e9 necess\u00e1rio ter vontade pol\u00edtica do pr\u00f3ximo governante do pa\u00eds, ter dinheiro para investir em uma s\u00e9rie de projetos para melhorar a capacidade de investiga\u00e7\u00e3o das pol\u00edcias Militar e Civil, melhorar o sistema prisional e investir na preven\u00e7\u00e3o social focado na juventude. Tomando estas medidas conseguiremos reduzir a impunidade no Brasil\u201d, concluiu.</p>\r\n<p>\u00a0</p>", "author_name": "", "version": "1.0", "author_url": "https://www.uba.mg.leg.br/author/comunicacao", "provider_name": " ", "type": "rich"}