{"provider_url": "https://www.uba.mg.leg.br", "title": "Baixe o material do Pr\u00e9-Enem no seu celular", "html": "<p style=\"text-align: justify; \"><span>Aten\u00e7\u00e3o alunos: disponibilizamos em nossa p\u00e1gina o material did\u00e1tico completo de cada aula do curso, para download!</span></p>\r\n<p style=\"text-align: justify; \">Assim, al\u00e9m das apostilas impressas entregues aos s\u00e1bados, voc\u00eas poder\u00e3o baixar e acessar o conte\u00fado digital de onde estiverem, aproveitando todo o tempo dispon\u00edvel para se preparar para o exame!<br />Slides e apostila da disciplina \"Reda\u00e7\u00e3o\", ministrada no \u00faltimo s\u00e1bado, 4 de agosto, j\u00e1 est\u00e3o em nosso site. Acessem o link<span class=\"text_exposed_show\">:</span></p>\r\n<div class=\"text_exposed_show\">\r\n<p style=\"text-align: justify; \"><a data-lynx-mode=\"asynclazy\" target=\"_blank\" data-ft=\"{&quot;tn&quot;:&quot;-U&quot;}\" data-lynx-uri=\"https://l.facebook.com/l.php?u=http%3A%2F%2Fwww.uba.mg.leg.br%2Fescola-do-legislativo%2Fapostilas-enem%2Fredacao&amp;h=AT3tvkwP93OxSwxMZ8DoYKTolSx0efk1wgIcq1G4t6bOnHEJxxE0BoYjzYPQR0BBuzoLOGVAGrY8nJpHkuoMbbXE6kel2YkeFzTdluQAVM4k8OqdJmtcU9rcwNHxW9YpBQf4e9okhLakhSl0bRuG_Kg\" href=\"https://www.uba.mg.leg.br/escola-do-legislativo/apostilas-enem/redacao\" rel=\"noopener nofollow\">http://www.uba.mg.leg.br/escola-do-l\u2026/apostilas-enem/redacao</a></p>\r\n<p style=\"text-align: justify; \">Por Gisele Caires<br />Jornalista CMU</p>\r\n</div>", "author_name": "", "version": "1.0", "author_url": "https://www.uba.mg.leg.br/author/comunicacao", "provider_name": " ", "type": "rich"}