{"provider_url": "https://www.uba.mg.leg.br", "title": "C\u00e2mara aprova cinco projetos em reuni\u00e3o ordin\u00e1ria", "html": "<p style=\"text-align: justify; \">Os vereadores aprovaram em unanimidade, em primeira vota\u00e7\u00e3o, cinco projetos,uma representa\u00e7\u00e3o, seis requerimentos e cinco indica\u00e7\u00f5es, na reuni\u00e3o ordin\u00e1ria da C\u00e2mara Municipal de Ub\u00e1, ocorrida na noite de segunda-feira (2).</p>\r\n<p style=\"text-align: justify; \">Foram discutidos e aprovados os projetos que declaram de Utilidade P\u00fablica Municipal a Associa\u00e7\u00e3o Cultural IL\u00ca AS\u00c8 D\u2019OY\u00c1 e a Associa\u00e7\u00e3o Loucos Pela Vida.E tamb\u00e9m outros tr\u00eas projetos de abertura de cr\u00e9dito adicional no or\u00e7amento municipal de 2016: um dos projetos autoriza abertura de Cr\u00e9ditos Adicionais Especiais no valor de R$ 24 mil, no \u00e2mbito da Secretaria Municipal de Sa\u00fade/Fundo Municipal de Sa\u00fade, para realiza\u00e7\u00e3o de despesas de custeio e de capital com recursos oriundos da Secretaria de Estado de Sa\u00fade/SES/MG.</p>\r\n<p style=\"text-align: justify; \">O outro que versa sobre a abertura de Cr\u00e9dito Adicional Especial no valor de R$ 59 mil, tamb\u00e9m no \u00e2mbito da Secretaria Municipal de Sa\u00fade/Fundo Municipal de Sa\u00fade para realiza\u00e7\u00e3o de despesas de custeio com recurso oriundo do Minist\u00e9rio da Sa\u00fade.</p>\r\n<p style=\"text-align: justify; \">E por \u00faltimo, o projeto que autoriza o Munic\u00edpio de Ub\u00e1 a Suplementar Subven\u00e7\u00e3o Social concedida ao Departamento de Assist\u00eancia Social Jo\u00e3o de Freitas, assim como a conceder-lhe novo Aux\u00edlio Financeiro.</p>\r\n<p style=\"text-align: justify; \">Mo\u00e7\u00e3o de congratula\u00e7\u00f5es</p>\r\n<p style=\"text-align: justify; \">O vereador pastor Darci Pires apresentou a mo\u00e7\u00e3o de congratula\u00e7\u00f5es e aplausos (n\u00b0028/16), votada e aprovada por todos os vereadores, homenageando o jovem Rodrigo Pereira Soares que ir\u00e1 carregar a tocha ol\u00edmpica, no dia 16 de maio, na cidade de Leopoldina, representando os ubaenses neste importante ato de prepara\u00e7\u00e3o para o in\u00edcio dos jogos ol\u00edmpicos.</p>", "author_name": "", "version": "1.0", "author_url": "https://www.uba.mg.leg.br/author/informatica", "provider_name": " ", "type": "rich"}