{"provider_url": "https://www.uba.mg.leg.br", "title": "C\u00e2mara busca conscientizar ubaenses a n\u00e3o usar fogos com ru\u00eddos ", "html": "<p style=\"text-align: justify; \">O barulho dos fogos afeta e prejudica pessoas com sensibilidade auditiva, como os autistas por exemplo, idosos, enfermos, animais e todo o meio ambiente. Por isso, a C\u00e2mara Municipal de Ub\u00e1 (CMU) tem realizado e apoiado a\u00e7\u00f5es de conscientiza\u00e7\u00e3o para o n\u00e3o uso de fogos com ru\u00eddos na cidade.</p>\r\n<p style=\"text-align: justify; \">Recentemente, o Sport Club Aymor\u00e9s de Ub\u00e1 aboliu o artefato em seus jogos, recomendando ainda que os torcedores n\u00e3o o fizessem, mesmo fora do est\u00e1dio. \u201cRespeitamos o desejo dos ubaenses, com lei ou n\u00e3o estamos do lado da nossa torcida. Vamos torcer muito, gritar, aplaudir e (at\u00e9) vaiar... amanh\u00e3 \u00e9 dia de matar a saudade do nosso time, mas sem fogos de artif\u00edcio! Pedimos tamb\u00e9m o apoio da nossa torcida nessa a\u00e7\u00e3o!\u201d, publicou o clube em suas redes sociais. O Poder Legislativo congratula a agremia\u00e7\u00e3o pela atitude!</p>\r\n<p style=\"text-align: justify; \">O Presidente da CMU, vereador Jos\u00e9 Roberto Reis Filgueiras, comentou sobre o assunto. \u201cEntendemos que \u00e9 necess\u00e1rio haver conscientiza\u00e7\u00e3o popular em respeito \u00e0s pessoas afetadas pelos ru\u00eddos dos fogos e este \u00e9 o nosso foco no momento: fazer um apelo \u00e0 sociedade para que n\u00e3o use este tipo de artigo, que pode ser perfeitamente substitu\u00eddo pelos fogos luminosos silenciosos, sem preju\u00edzo \u00e0s celebra\u00e7\u00f5es e aos espet\u00e1culos!\u201d, clama Jos\u00e9 Roberto. \u201cAtualmente, temos projeto de lei em n\u00edvel federal sobre o assunto e esperamos que o mesmo seja aprovado para que se regulamente a quest\u00e3o em todos os munic\u00edpios brasileiros\u201d, conclui.</p>\r\n<p style=\"text-align: justify; \"><strong><span><br /></span></strong></p>\r\n<p style=\"text-align: justify; \"><strong><span>Projeto Federal</span></strong></p>\r\n<p style=\"text-align: justify; \">Tramita no Senado Federal o Projeto de Lei n\u00ba 2130/2019, que \u201cAltera o Decreto-Lei n\u00ba 4.238, de 8 de abril de 1942, que disp\u00f5e sobre a fabrica\u00e7\u00e3o, o com\u00e9rcio e o uso de artigos pirot\u00e9cnicos e d\u00e1 outras provid\u00eancias, para estabelecer limites de emiss\u00e3o sonora para os fogos de artif\u00edcio\u201d. Decorrente de ideia legislativa do e-Cidadania, o PL pro\u00edbe a fabrica\u00e7\u00e3o, comercializa\u00e7\u00e3o e importa\u00e7\u00e3o de fogos de artif\u00edcio inclu\u00eddos nas classes B, C e D que n\u00e3o atendam aos limites de emiss\u00e3o sonora estabelecidos em regulamento.</p>\r\n<p style=\"text-align: justify; \">A mat\u00e9ria foi proposta pela Comiss\u00e3o de Direitos Humanos e Legisla\u00e7\u00e3o Participativa e encontra-se sob consulta p\u00fablica no site do Senado. O cidad\u00e3o que desejar manifestar-se em rela\u00e7\u00e3o ao projeto poder\u00e1 faz\u00ea-lo acessando o link:</p>\r\n<p style=\"text-align: justify; \"><a href=\"https://www12.senado.leg.br/ecidadania/visualizacaomateria?id=136231\">https://www12.senado.leg.br/ecidadania/visualizacaomateria?id=136231</a></p>\r\n<p style=\"text-align: justify; \">\u00a0</p>\r\n<p style=\"text-align: center; \"><em><strong>VAMOS TODOS FAZER A NOSSA PARTE!</strong></em></p>\r\n<p style=\"text-align: center; \"><em><strong>O RESPEITO AO PR\u00d3XIMO \u00c9 DEVER DE CADA UM DE N\u00d3S!</strong></em></p>\r\n<p style=\"text-align: justify; \">\u00a0</p>\r\n<p style=\"text-align: justify; \">\u00a0<i>Por Gisele Caires</i></p>\r\n<p style=\"text-align: justify; \"><i>Jornalista CMU</i></p>", "author_name": "jornalista", "version": "1.0", "author_url": "https://www.uba.mg.leg.br/author/jornalista", "provider_name": " ", "type": "rich"}