{"provider_url": "https://www.uba.mg.leg.br", "title": "C\u00e2mara celebra Semana da Consci\u00eancia Racial", "html": "<p align=\"center\" style=\"text-align: justify; \"><span>A C\u00e2mara Municipal de Ub\u00e1 (CMU), em parceria com a Associa\u00e7\u00e3o Cultural de Combate \u00e0 Discrimina\u00e7\u00e3o Racial Solano Trindade (AST) realizaram, entre os dias 20 e 22 de novembro, a Semana da Consci\u00eancia Racial. Este foi o primeiro ano, que a CMU ampliou os debates trazendo para esta Casa palestrantes que pudessem apresentar problemas enfrentados pela comunidade negra.</span></p>\r\n<p style=\"text-align: justify; \">As comemora\u00e7\u00f5es cumprem o disposto na Lei Municipal n\u00ba 2.736, de 2 de julho de 1997, que institui o dia 20 de novembro como o \u201cDia Municipal da\u00a0Consci\u00eancia\u00a0Racial\u201d, de autoria do vereador \u00e0 \u00e9poca Fernando Ant\u00f4nio Fagundes Reis, com o vereador Paulo C\u00e9sar Raymundo, para deixar registrada, como data c\u00edvica em nosso Munic\u00edpio, o dia dedicado ao her\u00f3i Zumbi dos Palmares.</p>\r\n<p style=\"text-align: justify; \">O presidente do Legislativo, vereador Jorge Custodio Gervasio, fez a abertura da Semana da Consci\u00eancia Racial no dia 20, seguido pela apresenta\u00e7\u00e3o da enfermeira Sandra Regina da Silva Kilesse, que ministrou a palestra: \u201cDados da sa\u00fade da Popula\u00e7\u00e3o Negra de Ub\u00e1\u201d. Em seguida, o tema \u201cPol\u00edtica Nacional de Sa\u00fade da Popula\u00e7\u00e3o Negra no Brasil\u201d foi apresentado pelo cirurgi\u00e3o dentista, Ivan Charles Fonseca Chedli. Ainda no dia 20 de novembro, foi realizada a palestra: \u201cA doen\u00e7a falciforme\u201d, a cargo da Presidente da Associa\u00e7\u00e3o de Pessoas com Doen\u00e7a Falciforme de Juiz de Fora, Maria da Penha Silva.</p>\r\n<p style=\"text-align: justify; \">No dia 21 de novembro, a doutora em Geografia, J\u00fania Marise Matos Souza, proferiu a palestra \u201cEduca\u00e7\u00e3o e pr\u00e1ticas antirracistas na sociedade\u201d.</p>\r\n<p style=\"text-align: justify; \">Para o presidente da CMU, vereador Jorge, mais do que dar cumprimento \u00e0 legisla\u00e7\u00e3o municipal, o evento tamb\u00e9m simboliza a luta dos movimentos negros na busca pelo direito \u00e0 cidadania plena.</p>\r\n<p style=\"text-align: justify; \">Dezenas de estudantes da Unifagoc, dos cursos de Medicina e Pedagogia, al\u00e9m de outros convidados, acompanharam as celebra\u00e7\u00f5es, que culminaram na solenidade em comemora\u00e7\u00e3o ao Dia Municipal da Consci\u00eancia Racial, no dia 22 de novembro, com a palestra: \u201cO Poder do Pertencimento do Negro na Sociedade\u201d, a cargo da Mestre em Educa\u00e7\u00e3o, Giane Elisa Sales de Almeida.\u00a0</p>\r\n<p style=\"text-align: justify; \">\u00a0</p>", "author_name": "", "version": "1.0", "author_url": "https://www.uba.mg.leg.br/author/comunicacao", "provider_name": " ", "type": "rich"}