{"provider_url": "https://www.uba.mg.leg.br", "title": "C\u00e2mara cria homenagem para atuantes no combate \u00e0 Covid", "html": "<p style=\"text-align: justify; \">Por iniciativa do Legislativo, Ub\u00e1 vai instituir o \u201cDiploma de Reconhecimento e Gratid\u00e3o aos trabalhadores envolvidos em atividades essenciais durante a decreta\u00e7\u00e3o da Pandemia da Covid-19\u201d. O Projeto de Lei n\u00ba 02/2021 \u00e9 de autoria parlamentar e foi aprovado por unanimidade pela C\u00e2mara Municipal em 15 de fevereiro.</p>\r\n<p style=\"text-align: justify; \">Conforme o texto, ser\u00e3o agraciados com o diploma os trabalhadores que contribuam nas a\u00e7\u00f5es de enfrentamento da doen\u00e7a, a exemplo dos profissionais da \u00e1rea de sa\u00fade. E, ainda, os que atuem nas atividades de suporte e apoio necess\u00e1rios aos mun\u00edcipes durante as restri\u00e7\u00f5es sanit\u00e1rias e de isolamento ou distanciamento social, compreendendo os trabalhadores de transportes p\u00fablicos, seguran\u00e7a p\u00fablica, coleta de lixo, supermercados, drogarias e farm\u00e1cias, frentistas, entregadores de mercadorias, alimentos e medicamentos, entre tantos outros.</p>\r\n<p style=\"text-align: justify; \">A indica\u00e7\u00e3o dos agraciados ser\u00e1 feita pelos vereadores, por meio de projeto de lei, que passar\u00e1 por vota\u00e7\u00e3o \u00fanica. Cada vereador poder\u00e1 atribuir at\u00e9 dois diplomas, anualmente. \u00a0A homenagem consistir\u00e1 na entrega de diploma pelo vereador concedente, realizada em reuni\u00e3o extraordin\u00e1ria do Legislativo, no m\u00eas de abril.</p>\r\n<p style=\"text-align: justify; \">\u201cAbril foi escolhido por ser o m\u00eas no qual se registrou o primeiro caso confirmado de Covid-19 no munic\u00edpio de Ub\u00e1\u201d, justifica a vereadora Aline Moreira Silva Melo, propositora do PL 02/2021.</p>\r\n<p style=\"text-align: justify; \">\u00a0</p>\r\n<p style=\"text-align: justify; \"><i>Por Gisele Caires</i></p>\r\n<p style=\"text-align: justify; \"><i>Jornalista CMU</i></p>\r\n<p style=\"text-align: justify; \"><i><br /></i></p>\r\n<p style=\"text-align: justify; \"><i>Imagem: Hospital Albert\u00a0Einstein</i></p>", "author_name": "jornalista", "version": "1.0", "author_url": "https://www.uba.mg.leg.br/author/jornalista", "provider_name": " ", "type": "rich"}