{"provider_url": "https://www.uba.mg.leg.br", "title": "C\u00e2mara da Melhor Idade elege nova Mesa Diretora", "html": "<p style=\"text-align: justify; \"><span>Os integrantes do Projeto C\u00e2mara da Melhor Idade reuniram-se na tarde desta quinta-feira (16), no plen\u00e1rio da C\u00e2mara Municipal de Ub\u00e1 (CMU), para elei\u00e7\u00e3o da Mesa Diretora para o exerc\u00edcio de 2020, ficando assim composta: Roberto Garcia Alves Filho (presidente), Luiz Carlos Gomes (vice-presidente), Neuze Maria Soares (1\u00aa secret\u00e1ria) e Angelina Maria Bianchi Botaro (segunda secret\u00e1ria). A reuni\u00e3o contou com a participa\u00e7\u00e3o do presidente da CMU, vereador Jorge Custodio Gervasio.</span></p>\r\n<p style=\"text-align: justify; \">Os demais integrantes titulares s\u00e3o:\u00a0 Margarida Rita Cruz, Ant\u00f4nio da Silva, Maria de F\u00e1tima Teixeira Siqueira, Geraldo Greg\u00f3rio, Odete Costa Brum, Zuleica Evangelista de Andrade, Terezinha da Silva Alves e Sirene Corr\u00eaa Barros. Como suplentes, temos: Geraldo Marco de Oliveira, Jeov\u00e1 Alves de Oliveira.</p>\r\n<p style=\"text-align: justify; \">O projeto</p>\r\n<p style=\"text-align: justify; \">Institu\u00eddo oficialmente pela Resolu\u00e7\u00e3o n\u00ba 01 de 2019, o projeto C\u00e2mara da Melhor Idade tem o objetivo de propiciar o acesso e o conhecimento das atividades do Poder Legislativo e o papel dos vereadores. Realiza atividades de reflex\u00e3o sobre as principais demandas do munic\u00edpio, al\u00e9m de oportunizar que os participantes apresentem propostas \u00e0 C\u00e2mara para auxiliar na solu\u00e7\u00e3o de importantes quest\u00f5es locais.</p>\r\n<p style=\"text-align: justify; \">O projeto contribui tamb\u00e9m para a forma\u00e7\u00e3o pol\u00edtica dos idosos e o exerc\u00edcio da cidadania, por meio de capacita\u00e7\u00e3o permanente. Iniciativas como esta s\u00e3o meios de aproxima\u00e7\u00e3o entre o Poder P\u00fablico e a sociedade, favorecendo especialmente a constru\u00e7\u00e3o da pol\u00edtica municipal para a pessoa idosa.</p>\r\n<p style=\"text-align: justify; \">A C\u00e2mara da Melhor Idade \u00e9 composta pelo mesmo n\u00famero de vereadores de Ub\u00e1, com onze membros titulares e cinco suplentes, neste ano com indica\u00e7\u00e3o e apoio das seguintes entidades: Sindicato \u00danico dos Trabalhadores em Educa\u00e7\u00e3o de Minas Gerais, Associa\u00e7\u00e3o de Parapl\u00e9gicos de Ub\u00e1, Associa\u00e7\u00e3o dos Moradores do Bairro Schiavon, Horta Comunit\u00e1ria, Centro de Conviv\u00eancia da Melhor Idade Rosa Mauad Jacob e Associa\u00e7\u00e3o dos Moradores do Bairro S\u00e3o Domingos.</p>\r\n<p style=\"text-align: justify; \">As propostas, sugest\u00f5es e estudos discutidos e apresentados pelos Vereadores da Melhor Idade s\u00e3o analisados e posteriormente encaminhados pelo Legislativo Ubaense aos setores competentes, divulgados e transformados em melhorias para a popula\u00e7\u00e3o.</p>\r\n<p style=\"text-align: justify; \">\u00a0</p>", "author_name": "", "version": "1.0", "author_url": "https://www.uba.mg.leg.br/author/comunicacao", "provider_name": " ", "type": "rich"}