{"provider_url": "https://www.uba.mg.leg.br", "title": "C\u00e2mara de Ub\u00e1 adere ao \"Abril Azul\"", "html": "<p align=\"center\" style=\"text-align: justify; \"><span>Neste m\u00eas de abril a fachada do pr\u00e9dio da C\u00e2mara Municipal de Ub\u00e1 est\u00e1 iluminada na cor azul, numa a\u00e7\u00e3o cidad\u00e3 e inclusiva pelos Autistas e suas fam\u00edlias, em parceria com o TEAmo (Grupo de Fam\u00edlias de Autistas de Ub\u00e1 e Regi\u00e3o). Celebrado em 2 de abril, o Dia Mundial de Conscientiza\u00e7\u00e3o do Autismo foi institu\u00eddo em 18 de Dezembro de 2007, com o intuito de alertar as sociedades e governantes sobre este transtorno, ajudando a derrubar preconceitos e esclarecer a todos.</span></p>\r\n<p style=\"text-align: justify; \">Nesta data, v\u00e1rios pontos tur\u00edsticos (como o Cristo Redentor, no Rio de Janeiro, ou a Ponte Estaiada, em S\u00e3o Paulo) e pr\u00e9dios p\u00fablicos (como o Senado Federal) s\u00e3o iluminados de azul, cor que simboliza o Autismo (pela maior incid\u00eancia sobre o sexo masculino). A\u00e7\u00f5es semelhantes s\u00e3o realizadas em todo o mundo, acompanhadas de passeatas, palestras e outros eventos p\u00fablicos.</p>\r\n<p style=\"text-align: justify; \">O autismo \u00e9 um complexo transtorno que afeta tr\u00eas importantes \u00e1reas do desenvolvimento humano: comunica\u00e7\u00e3o, socializa\u00e7\u00e3o e comportamento. Ainda n\u00e3o se tem certeza das causas, nem das possibilidades de cura. O \u00fanico consenso mundial s\u00e3o os tratamentos que, o quanto antes forem iniciados, aumentam as chances de uma maior qualidade de vida.</p>\r\n<p style=\"text-align: justify; \">O Transtorno do Espectro Autista (TEA) faz parte do grupo dos Transtornos Globais de Desenvolvimento e afeta 1 a cada 68 pessoas, conforme \u00faltima pesquisa oficial divulgada em 2014, nos Estados Unidos, baseada em dados de at\u00e9 2010. No Brasil, atinge cerca de 2 milh\u00f5es de pessoas e \u00e9 importante salientar que h\u00e1 mais crian\u00e7as com autismo hoje em nosso pa\u00eds do que com C\u00e2ncer, AIDS e Diabetes juntos. No ano passado, uma lei federal foi aprovada equiparando em direitos os autistas aos demais deficientes, al\u00e9m de outros benef\u00edcios \u2013 Lei n\u00ba 12.764, tamb\u00e9m conhecida como \u201cLei Berenice Piana\u201d.</p>\r\n<p align=\"center\" style=\"text-align: justify; \">O Legislativo Ubaense abra\u00e7a esta causa para que haja mais informa\u00e7\u00e3o, mais pesquisa, mais diagn\u00f3stico, mais tratamento, mais respeito e menos preconceito.</p>", "author_name": "", "version": "1.0", "author_url": "https://www.uba.mg.leg.br/author/comunicacao", "provider_name": " ", "type": "rich"}