{"provider_url": "https://www.uba.mg.leg.br", "title": "C\u00e2mara de Ub\u00e1 recebe exposi\u00e7\u00e3o \u201cO Papel do Vereador\u201d", "html": "<p style=\"text-align: justify; \" data-start=\"195\" data-end=\"253\"><span>A C\u00e2mara Municipal de Ub\u00e1 abriu, para visita\u00e7\u00e3o, nesta semana, a exposi\u00e7\u00e3o </span><strong data-start=\"339\" data-end=\"364\">\u201cO Papel do Vereador\u201d</strong><span>, destinada \u00e0s escolas do munic\u00edpio. A mostra re\u00fane </span>seis pain\u00e9is tem\u00e1ticos<span> produzidos pela Assembleia Legislativa de Minas Gerais (ALMG) e cedidos ao Legislativo ubaense.</span></p>\r\n<p style=\"text-align: justify; \" data-start=\"542\" data-end=\"841\">O material explica as atribui\u00e7\u00f5es dos vereadores e o funcionamento do Parlamento, al\u00e9m de trazer curiosidades como a origem do termo \u201cvereador\u201d. Os visitantes tamb\u00e9m podem conhecer as etapas de cria\u00e7\u00e3o de uma lei e compreender o papel fiscalizador da C\u00e2mara em rela\u00e7\u00e3o \u00e0s contas da Prefeitura.</p>\r\n<p style=\"text-align: justify; \" data-start=\"843\" data-end=\"1086\">A exposi\u00e7\u00e3o segue aberta at\u00e9 o final de outubro, com visitas de segunda a sexta-feira, das 8h \u00e0s 17h. Escolas interessadas devem agendar pelo telefone <strong data-start=\"1002\" data-end=\"1020\">(32) 3539-5000.</strong></p>", "author_name": "", "version": "1.0", "author_url": "https://www.uba.mg.leg.br/author/comunicacao", "provider_name": " ", "type": "rich"}