{"provider_url": "https://www.uba.mg.leg.br", "title": "C\u00e2mara devolve R$ 2.838.200,00 aos cofres p\u00fablicos", "html": "<p align=\"center\" style=\"text-align: justify; \"><span>A C\u00e2mara Municipal de Ub\u00e1 (CMU) oficializou nesta quarta-feira, 16 de dezembro, a\u00a0devolu\u00e7\u00e3o\u00a0do saldo duod\u00e9cimo do exerc\u00edcio de 2020 para o Poder Executivo. A entrega do cheque simb\u00f3lico ao Prefeito Municipal de Ub\u00e1, Edson Teixeira Filho, aconteceu no plen\u00e1rio Vereador Lincoln Rodrigues Costa.</span></p>\r\n<p style=\"text-align: justify; \">No decorrer do ano, a CMU antecipou aos cofres p\u00fablicos o valor de R$ 2.250.000,00, distribu\u00eddo em cinco devolu\u00e7\u00f5es: R$ 350 mil em fevereiro; R$ 400 mil em junho; e em setembro, outubro e novembro, R$ 500 mil por m\u00eas. Agora em dezembro foram repassados R$ 588.200,00, parte final do montante economizado durante o exerc\u00edcio fiscal, que totalizou R$ 2.838.200,00, proveniente da otimiza\u00e7\u00e3o de gastos do Legislativo no ano de 2020.</p>\r\n<p style=\"text-align: justify; \">Al\u00e9m do Prefeito Edson Teixeira Filho e do presidente da CMU, vereador Jorge Custodio Gervasio, estavam presentes o 1\u00ba secret\u00e1rio, vereador Lu\u00eds Carlos Ribeiro, e os vereadores Antero Gomes, Edeir Pacheco, Jos\u00e9 Roberto Filgueiras e Ros\u00e2ngela Alfenas.</p>\r\n<p style=\"text-align: justify; \">\u201cHoje completamos a devolu\u00e7\u00e3o de R$2.838.200,00, quantia economizada pelo Legislativo em 2020 que retorna aos cofres da Prefeitura para ser revertida \u00e0 popula\u00e7\u00e3o. A C\u00e2mara de Ub\u00e1 \u00e9 uma das mais enxutas do Estado de Minas Gerais e isso muito me orgulha!\u201d, declarou o Presidente da CMU, vereador Jorge Gervasio.</p>\r\n<p style=\"text-align: justify; \">O prefeito Edson Teixeira Filho enalteceu a boa administra\u00e7\u00e3o da Casa Legislativa: \u201cFicamos felizes de estar aqui mais uma vez e isso mostra a seriedade do trabalho da C\u00e2mara. E neste ano at\u00edpico, principalmente, foram de suma import\u00e2ncia as devolu\u00e7\u00f5es antecipadas no decorrer do exerc\u00edcio, e n\u00e3o somente em dezembro\u201d, ressaltou.</p>\r\n<p style=\"text-align: justify; \">Edson ainda parabenizou a CMU, seus vereadores e servidores, pela compet\u00eancia e lisura administrativa. \u201cConsidero esta uma das C\u00e2maras mais eficientes do pa\u00eds, sobretudo pela responsabilidade com os gastos p\u00fablicos, e falo isso com orgulho, como cidad\u00e3o ubaense e chefe do Poder Executivo, sendo o meu agradecimento em nome de toda a popula\u00e7\u00e3o de Ub\u00e1\u201d, concluiu o prefeito.</p>\r\n<p style=\"text-align: justify; \"><b>Devolu\u00e7\u00e3o antecipada</b></p>\r\n<p style=\"text-align: justify; \">Os recursos devolvidos antecipadamente foram direcionados \u00e0 recomposi\u00e7\u00e3o da cidade ap\u00f3s as enchentes e para auxiliar no custeio das a\u00e7\u00f5es de combate \u00e0 Covid-19.</p>\r\n<p style=\"text-align: justify; \">A Lei Org\u00e2nica Municipal prev\u00ea, no inciso XI do art. 53, entre as compet\u00eancias da Mesa Diretora do Poder Legislativo, a\u00a0devolu\u00e7\u00e3o\u00a0\u00e0 Fazenda Municipal, at\u00e9 o dia 31 de dezembro, o saldo do numer\u00e1rio que lhe foi liberado durante o exerc\u00edcio para a execu\u00e7\u00e3o de seu or\u00e7amento. Sendo assim, tal\u00a0devolu\u00e7\u00e3o\u00a0pode ser feita de forma parcelada, no decorrer do exerc\u00edcio, conforme necessidade, possibilidade e concord\u00e2ncia entre os Poderes.</p>", "author_name": "", "version": "1.0", "author_url": "https://www.uba.mg.leg.br/author/comunicacao", "provider_name": " ", "type": "rich"}