{"provider_url": "https://www.uba.mg.leg.br", "title": "C\u00e2mara e Prefeitura realizam solenidade neste s\u00e1bado", "html": "<p>Os Poderes Executivo e Legislativo do Munic\u00edpio de Ub\u00e1 t\u00eam a honra de convidar a todos para a solenidade de entrega do T\u00edtulo de Cidadania Honor\u00e1ria Ubaense 2017, a realizar-se no dia 9 de dezembro (s\u00e1bado), \u00e0s 20h, no Plen\u00e1rio Vereador Lincoln Rodrigues Costa, da C\u00e2mara Municipal de Ub\u00e1. Voc\u00ea e sua fam\u00edlia s\u00e3o nossos convidados!</p>\r\n<p>Os homenageados s\u00e3o:</p>\r\n<p>\u2611\ufe0f\u00a0Sr. Aldeir Augusto Ferraz<br /> \u2611\ufe0f\u00a0Sr. Cl\u00e1udio C\u00e9zar Alves<br /> \u2611\ufe0f\u00a0Sr. Dinis Ant\u00f4nio Pinheiro<br /> \u2611\ufe0f\u00a0Srt\u00aa Fl\u00e1via Coelho de Andrade<br /> \u2611\ufe0f\u00a0Sr. Jos\u00e9 Em\u00edlio Afonso Silva<br /> \u2611\ufe0f\u00a0Sr. M\u00e1rcio Ara\u00fajo de Lacerda<br /> \u2611\ufe0f\u00a0Sr. Roberto Garcia Alves Filho<br /> \u2611\ufe0f\u00a0Dr\u00aa Tha\u00eds Lamim Leal Thomaz<br /> \u2611\ufe0f\u00a0Sr. V\u00edtor Valverde<br /> \u2611\ufe0f\u00a0Sr. Wadson Nathaniel Ribeiro<br /> \u2611\ufe0f\u00a0Sr. Washington Luiz Lopes Ferreira</p>", "author_name": "", "version": "1.0", "author_url": "https://www.uba.mg.leg.br/author/comunicacao", "provider_name": " ", "type": "rich"}