{"provider_url": "https://www.uba.mg.leg.br", "title": "C\u00e2mara encerra primeiro per\u00edodo legislativo de 2017", "html": "<p style=\"text-align: justify; \">Terminou nesta segunda-feira (17) o primeiro per\u00edodo legislativo do ano de 2017 na C\u00e2mara Municipal de Ub\u00e1 (CMU), conforme previsto no Regimento Interno da Casa. Antes de iniciarem o recesso, os vereadores se reuniram, em reuni\u00f5es ordin\u00e1ria e extraordin\u00e1ria, ainda na segunda-feira, para discuss\u00e3o e vota\u00e7\u00e3o de 12 projetos de lei que estavam em pauta. Destes, tr\u00eas tiveram pedido de vista e nove foram aprovados.</p>\r\n<p style=\"text-align: justify; \"><b>Projetos aprovados</b></p>\r\n<p style=\"text-align: justify; \">Entre as mat\u00e9rias aprovadas est\u00e1 o Projeto de Lei n\u00b0 33/17, que versa sobre a Lei de Diretrizes Or\u00e7ament\u00e1rias (LDO) do munic\u00edpio, para o exerc\u00edcio de 2018. O projeto j\u00e1 vinha sendo discutido na C\u00e2mara, inclusive em Audi\u00eancia P\u00fablica, com a presen\u00e7a de t\u00e9cnicos da Prefeitura para esclarecimento de d\u00favidas e informa\u00e7\u00f5es. Por seis votos a cinco, o PL 33/17 foi aprovado depois da proposta de emendas dos vereadores \u00e0 reda\u00e7\u00e3o original.</p>\r\n<p style=\"text-align: justify; \">Tamb\u00e9m foram aprovados os projetos n\u00b0 45/17 e n\u00b0 50/17, que autorizam o Poder Executivo a suplementar os recursos destinados ao Sindicato dos Produtores Rurais de Ub\u00e1 para a continuidade do Programa de Mecaniza\u00e7\u00e3o Agr\u00edcola e Incentivo \u00e0 Produ\u00e7\u00e3o Agr\u00edcola, bem como \u00e0s entidades filantr\u00f3picas da cidade no \u00e2mbito do Fundo Municipal de Sa\u00fade, respectivamente.</p>\r\n<p style=\"text-align: justify; \">Recebeu igualmente aprova\u00e7\u00e3o da Casa o PL n\u00b0 55/17, que \u201cAltera o valor do repasse mensal do Componente Hospitalar de Retaguarda da Rede de Aten\u00e7\u00e3o \u00e0s Urg\u00eancias e Emerg\u00eancias, devido ao Hospital Santa Isabel, e cont\u00e9m outras disposi\u00e7\u00f5es\u201d.</p>\r\n<p style=\"text-align: center; \"><img src=\"https://www.uba.mg.leg.br/fotos-noticias/ReunioOrdinriaeExtraordinria3.jpg\" alt=\"Reuni\u00e3o dia 18 de julho de 2017\" class=\"image-inline\" title=\"Reuni\u00e3o dia 18 de julho de 2017\" /></p>\r\n<p style=\"text-align: justify; \">Outra mat\u00e9ria apresentada e aprovada por unanimidade na \u00faltima reuni\u00e3o do semestre foi o Projeto de Lei n\u00b0 53/17, que trata da Pol\u00edtica Municipal de Turismo de Ub\u00e1, \u201cvoltada para o planejamento e ordenamento do setor, com finalidade de promover o desenvolvimento tur\u00edstico local, como alternativa de desenvolvimento econ\u00f4mico e social do munic\u00edpio\u201d.</p>\r\n<p style=\"text-align: justify; \">Al\u00e9m destes, os vereadores tamb\u00e9m aprovaram os projetos n\u00b0 40/17, n\u00b0 41/17, n\u00b0 52/17, e n\u00b0 23/17, que d\u00e3o denomina\u00e7\u00e3o a logradouros p\u00fablicos de Ub\u00e1.</p>\r\n<p style=\"text-align: justify; \"><b>Recesso Parlamentar</b></p>\r\n<p style=\"text-align: justify; \">Antes de encerrar os trabalhos, a presidente da C\u00e2mara, vereadora Ros\u00e2ngela Maria Alfenas de Andrade, fez quest\u00e3o de agradecer a todos pela confian\u00e7a e parceria durante este primeiro per\u00edodo legislativo, al\u00e9m de parabenizar os colegas vereadores pelo empenho e pela busca constante de informa\u00e7\u00f5es e aprendizados.</p>\r\n<p style=\"text-align: center; \"><img src=\"https://www.uba.mg.leg.br/fotos-noticias/ReunioOrdinriaeExtraordinria2.jpg\" alt=\"Presidente da C\u00e2mara, Vereadora Ros\u00e2ngela Maria Alfenas de Andrade\" class=\"image-inline\" title=\"Presidente da C\u00e2mara, Vereadora Ros\u00e2ngela Maria Alfenas de Andrade\" /></p>\r\n<p style=\"text-align: justify; \">A presidente ressaltou ainda a import\u00e2ncia da manuten\u00e7\u00e3o da democracia e do respeito entre os pares: \u201cesta \u00e9 uma Casa democr\u00e1tica onde temos que trabalhar de acordo com o Regimento e as leis. \u00c9 muito importante respeitar os demais e entender que somente juntos \u00e9 que vamos avan\u00e7ar\u201d.</p>\r\n<p style=\"text-align: justify; \"><b>Retorno das Reuni\u00f5es</b></p>\r\n<p style=\"text-align: justify; \">A primeira reuni\u00e3o ordin\u00e1ria do pr\u00f3ximo semestre est\u00e1 agendada para o dia 7 de agosto. Importante refor\u00e7ar que as atividades administrativas da CMU continuar\u00e3o funcionando normalmente durante o per\u00edodo de recesso.</p>\r\n<p style=\"text-align: justify; \">\u00a0</p>\r\n<p><em>Por Rafaela Namorato - Assessora de Comunica\u00e7\u00e3o CMU</em></p>\r\n<p><em>Acompanhe as not\u00edcias da CMU tamb\u00e9m pela nossa p\u00e1gina no\u00a0<a class=\"external-link\" href=\"https://www.facebook.com/CamaraMunicipalDeUba\" target=\"_blank\" title=\"\">Facebook</a>. Curta e fique por dentro de tudo o que acontece.</em></p>", "author_name": "", "version": "1.0", "author_url": "https://www.uba.mg.leg.br/author/comunicacao", "provider_name": " ", "type": "rich"}