{"provider_url": "https://www.uba.mg.leg.br", "title": "C\u00e2mara encerra primeiro Per\u00edodo Legislativo de 2020", "html": "<p style=\"text-align: justify; \"><span>Encerrou-se no dia 17 de julho o primeiro per\u00edodo legislativo da C\u00e2mara Municipal de Ub\u00e1 (CMU). Conforme prev\u00ea a Lei Org\u00e2nica do Munic\u00edpio, em seu artigo 35, e o artigo 2\u00ba do Regimento Interno da Casa, \u201ca C\u00e2mara Municipal se re\u00fane ordinariamente em sua sede, de 02 (dois) de fevereiro a 17 (dezessete) de julho e de 1\u00b0 (primeiro) de agosto a 22 (vinte e dois) de dezembro\u201d.</span></p>\r\n<p style=\"text-align: justify; \">A pr\u00f3xima reuni\u00e3o ordin\u00e1ria est\u00e1 agendada para o dia 3<span class=\"text_exposed_show\">\u00a0de agosto, \u00e0s 19h. Contudo, devido \u00e0 necessidade de apreciar mat\u00e9rias em tramita\u00e7\u00e3o sob regime de urg\u00eancia, os vereadores se reunir\u00e3o em sess\u00e3o extraordin\u00e1ria nesta sexta-feira, 24, e na segunda-feira, 27 de julho.<br />Na pauta da reuni\u00e3o do dia 24, a leitura do parecer ao Aditivo \u00e0 Mensagem 025, de 1\u00ba de junho de 2020, de autoria do Executivo.<br />As atividades administrativas da CMU continuar\u00e3o sendo realizadas normalmente neste per\u00edodo de recesso parlamentar.</span></p>", "author_name": "", "version": "1.0", "author_url": "https://www.uba.mg.leg.br/author/comunicacao", "provider_name": " ", "type": "rich"}