{"provider_url": "https://www.uba.mg.leg.br", "title": "C\u00e2mara homenageia institui\u00e7\u00f5es e personalidades de destaque ", "html": "<p align=\"center\" style=\"text-align: justify; \"><span>Em contexto parlamentar, a mo\u00e7\u00e3o \u00e9 uma\u00a0forma de os vereadores expressarem a sua opini\u00e3o sobre um determinado assunto, ato ou evento.\u00a0Pode ser uma manifesta\u00e7\u00e3o de apoio, rep\u00fadio, solidariedade, ou outras emo\u00e7\u00f5es sobre quest\u00f5es relevantes. Este tipo de proposi\u00e7\u00e3o est\u00e1 disposto no Regimento Interno da C\u00e2mara Municipal de Ub\u00e1 (Resolu\u00e7\u00e3o n\u00ba 01/2022), em seu artigo 166: \u201c</span><i>Cada Vereador poder\u00e1 indicar no decorrer do ano at\u00e9 tr\u00eas mo\u00e7\u00f5es, que ser\u00e3o entregues por meio de certificado, nas respectivas reuni\u00f5es em que forem aprovadas. As mo\u00e7\u00f5es dever\u00e3o ser aprovadas por maioria dos membros da C\u00e2mara</i><span>\u201d.</span></p>\r\n<p style=\"text-align: justify; \">Tr\u00eas mo\u00e7\u00f5es de aplausos foram apresentadas, aprovadas e entregues pelos vereadores em abril deste ano. S\u00e3o elas:</p>\r\n<p style=\"text-align: justify; \">\u00a0</p>\r\n<p style=\"text-align: justify; \"><b>Mo\u00e7\u00e3o n\u00ba 011/2025 - Autor: Vereador Gilson Fazolla Filgueiras</b></p>\r\n<p style=\"text-align: justify; \"><b>Ao UNIFAGOC pela conquista da nota m\u00e1xima no Conceito Preliminar de Curso (CPC) do MEC.</b></p>\r\n<p style=\"text-align: justify; \">\u00a0</p>\r\n<p style=\"text-align: justify; \"><i>\u201cMo\u00e7\u00e3o \u00e0 UNIFAGOC pela conquista da nota m\u00e1xima no Conceito Preliminar de Curso (CPC) do MEC, entrando na elite nacional do ensino superior. O curso de Medicina do UNIFAGOC acaba de conquistar um dos maiores reconhecimentos do ensino superior brasileiro: a nota m\u00e1xima (5) no Conceito Preliminar de Curso (CPC), principal indicador de qualidade do Minist\u00e9rio da Educa\u00e7\u00e3o (MEC). Entre mais de 300 cursos avaliados no pa\u00eds, apenas 6 conquistaram o conceito m\u00e1ximo. O UNIFAGOC \u00e9 o \u00fanico de Minas Gerais a alcan\u00e7ar esse feito entre institui\u00e7\u00f5es p\u00fablicas e privadas do estado.</i></p>\r\n<p style=\"text-align: justify; \"><b><i>O resultado, divulgado no dia 11 de abril pelo Instituto Nacional de Estudos e Pesquisas Educacionais An\u00edsio Teixeira (Inep), coloca o UNIFAGOC entre os seis melhores cursos de Medicina do Brasil \u2014 e como o \u00fanico de Minas Gerais a alcan\u00e7ar esse n\u00edvel de excel\u00eancia. </i></b></p>\r\n<p style=\"text-align: justify; \"><i>Ao todo, 309 cursos de Medicina foram avaliados em todo o pa\u00eds. A nota m\u00e1xima no CPC \u00e9 um marco reservado a pouqu\u00edssimas Institui\u00e7\u00f5es e reflete uma combina\u00e7\u00e3o de excel\u00eancia acad\u00eamica, infraestrutura de ponta e compromisso com a forma\u00e7\u00e3o humanizada e completa dos futuros m\u00e9dicos. </i></p>\r\n<p style=\"text-align: justify; \"><i>Entre os cursos que tamb\u00e9m conquistaram o CPC 5 est\u00e3o institui\u00e7\u00f5es de renome como a Faculdade de Ci\u00eancias M\u00e9dicas da Santa Casa de S\u00e3o Paulo, a Faculdade Israelita Albert Einstein e a Famerp, de S\u00e3o Jos\u00e9 do Rio Preto. Nenhuma universidade federal de Minas Gerais aparece na lista.</i></p>\r\n<p style=\"text-align: justify; \"><i>O CPC avalia aspectos fundamentais da qualidade de um curso, incluindo: o desempenho dos estudantes no Enade; o valor agregado \u00e0 forma\u00e7\u00e3o dos alunos (IDD); a titula\u00e7\u00e3o e regime de trabalho dos professores; e a infraestrutura e a percep\u00e7\u00e3o dos estudantes sobre o curso.</i></p>\r\n<p style=\"text-align: justify; \"><i>Com metodologia rigorosa, a nota final varia de 1 a 5, sendo os conceitos 1 e 2 considerados insatisfat\u00f3rios. Por isso, o conceito 5 representa n\u00e3o apenas excel\u00eancia pontual, mas a consolida\u00e7\u00e3o de um projeto educacional s\u00e9rio, bem estruturado e alinhado \u00e0s melhores pr\u00e1ticas do ensino superior.\u201d</i></p>\r\n<p style=\"text-align: justify; \">\u00a0\u00a0\u00a0\u00a0\u00a0\u00a0\u00a0\u00a0\u00a0\u00a0\u00a0 Membros da Diretoria e Reitoria da institui\u00e7\u00e3o receberam a homenagem no Plen\u00e1rio da C\u00e2mara durante a reuni\u00e3o ordin\u00e1ria do dia 14 de abril.</p>\r\n<p style=\"text-align: justify; \">\u00a0</p>\r\n<p style=\"text-align: justify; \"><b>Mo\u00e7\u00e3o n\u00ba 012/2025 - Autor: Vereador Breno Reis de Oliveira</b></p>\r\n<p style=\"text-align: justify; \"><b>Aplausos \u00e0s equipes vencedoras dos Jogos Escolares Ubaenses - JEU 2025. </b></p>\r\n<p style=\"text-align: justify; \">\u00a0</p>\r\n<p style=\"text-align: justify; \"><i>\u201cA dedica\u00e7\u00e3o, o empenho e o esp\u00edrito esportivo demonstrados por cada estudante-atleta foram essenciais para o sucesso da competi\u00e7\u00e3o e s\u00e3o dignos de louvor.</i></p>\r\n<p style=\"text-align: justify; \"><i>Destacamos as seguintes equipes campe\u00e3s:</i></p>\r\n<p style=\"text-align: justify; \"><i>\u2022\u00a0\u00a0\u00a0\u00a0\u00a0\u00a0\u00a0\u00a0\u00a0 Futsal Masculino I \u2013 Col\u00e9gio Losango</i></p>\r\n<p style=\"text-align: justify; \"><i>\u2022\u00a0\u00a0\u00a0\u00a0\u00a0\u00a0\u00a0\u00a0\u00a0 Futsal Masculino II \u2013 E.E. Raul Soares</i></p>\r\n<p style=\"text-align: justify; \"><i>\u2022\u00a0\u00a0\u00a0\u00a0\u00a0\u00a0\u00a0\u00a0\u00a0 Futsal Feminino I \u2013 E.E. Eunice Weaver</i></p>\r\n<p style=\"text-align: justify; \"><i>\u2022\u00a0\u00a0\u00a0\u00a0\u00a0\u00a0\u00a0\u00a0\u00a0 Futsal Feminino II \u2013 E.E. Raul Soares</i></p>\r\n<p style=\"text-align: justify; \"><i>\u2022\u00a0\u00a0\u00a0\u00a0\u00a0\u00a0\u00a0\u00a0\u00a0 V\u00f4lei Feminino I e II \u2013 Col\u00e9gio Losango</i></p>\r\n<p style=\"text-align: justify; \"><i>\u2022\u00a0\u00a0\u00a0\u00a0\u00a0\u00a0\u00a0\u00a0\u00a0 V\u00f4lei Masculino II \u2013 E.E. Dep. Carlos Peixoto Filho</i></p>\r\n<p style=\"text-align: justify; \"><i>\u2022\u00a0\u00a0\u00a0\u00a0\u00a0\u00a0\u00a0\u00a0\u00a0 Handebol Masculino II \u2013 E.E. Raul Soares</i></p>\r\n<p style=\"text-align: justify; \"><i>\u2022\u00a0\u00a0\u00a0\u00a0\u00a0\u00a0\u00a0\u00a0\u00a0 Handebol Feminino I \u2013 Col\u00e9gio Losango</i></p>\r\n<p style=\"text-align: justify; \"><i>\u2022\u00a0\u00a0\u00a0\u00a0\u00a0\u00a0\u00a0\u00a0\u00a0 Basquete Masculino II \u2013 Col\u00e9gio Losango</i></p>\r\n<p style=\"text-align: justify; \"><i>\u2022\u00a0\u00a0\u00a0\u00a0\u00a0\u00a0\u00a0\u00a0\u00a0 Basquete Masculino I e Feminino I \u2013 E.E. Camilo Soares</i></p>\r\n<p style=\"text-align: justify; \"><i>Al\u00e9m do brilhante desempenho nos JEU 2025, as equipes vencedoras ter\u00e3o a honra de representar a cidade de Ub\u00e1 na Etapa Microrregional dos Jogos Escolares de Minas Gerais (JEMG), levando adiante o talento e a dedica\u00e7\u00e3o de nossos estudantes-atletas.</i></p>\r\n<p style=\"text-align: justify; \"><i>Esta Mo\u00e7\u00e3o tem como objetivo enaltecer o esfor\u00e7o e a determina\u00e7\u00e3o dos estudantes-atletas, que representaram suas institui\u00e7\u00f5es com garra e talento. O esporte \u00e9 uma ferramenta fundamental para o desenvolvimento f\u00edsico, social e emocional da juventude, promovendo valores como disciplina, respeito e trabalho em equipe.</i></p>\r\n<p style=\"text-align: justify; \"><i>Que essa conquista sirva de inspira\u00e7\u00e3o para futuras gera\u00e7\u00f5es e que os Jogos Escolares Unificados continuem a ser um espa\u00e7o de integra\u00e7\u00e3o e celebra\u00e7\u00e3o do esporte.\u201d</i></p>\r\n<p style=\"text-align: justify; \">Alunos e representantes de escolas homenageadas (E.E. Raul Soares, E.E. Eunice Weaver e E.E. Dep. Carlos Peixoto Filho) estiveram na C\u00e2mara em 14 de abril recebendo a Mo\u00e7\u00e3o.</p>\r\n<p style=\"text-align: justify; \"><b>\u00a0</b></p>\r\n<p style=\"text-align: justify; \"><b>\u00a0</b></p>\r\n<p style=\"text-align: justify; \"><b>Mo\u00e7\u00e3o n\u00ba 013/2025 - Autor: Vereador Breno Reis de Oliveira</b></p>\r\n<p style=\"text-align: justify; \"><b>Aplausos \u00e0 Associa\u00e7\u00e3o Comercial e Industrial de Ub\u00e1 \u2013 ACIUB\u00c1 pelo anivers\u00e1rio de 97 anos. </b></p>\r\n<p style=\"text-align: justify; \"><b>\u00a0</b></p>\r\n<p style=\"text-align: justify; \"><i>\u201cMo\u00e7\u00e3o de aplausos para expressar seu mais sincero reconhecimento e congratula\u00e7\u00f5es \u00e0 Associa\u00e7\u00e3o Comercial e Industrial de Ub\u00e1 \u2013 ACIUB\u00c1, pela passagem de mais um anivers\u00e1rio de sua funda\u00e7\u00e3o, celebrando d\u00e9cadas de hist\u00f3ria, dedica\u00e7\u00e3o e compromisso com o desenvolvimento econ\u00f4mico e social do munic\u00edpio.</i></p>\r\n<p style=\"text-align: justify; \"><i>Fundada em 1928, a ACIUB\u00c1 vem, h\u00e1 quase um s\u00e9culo, exercendo um papel fundamental no fortalecimento e na promo\u00e7\u00e3o do com\u00e9rcio e da ind\u00fastria local. Sua miss\u00e3o sempre foi clara: atender e defender os interesses dos associados, buscando a uni\u00e3o e o ganho coletivo, oferecendo solu\u00e7\u00f5es que contribuem para o desenvolvimento sustent\u00e1vel de Ub\u00e1 e regi\u00e3o.</i></p>\r\n<p style=\"text-align: justify; \"><i>Ao longo de sua trajet\u00f3ria, a Associa\u00e7\u00e3o tornou-se uma entidade respeitada, s\u00edmbolo de \u00e9tica, compet\u00eancia e representatividade institucional. Por meio de campanhas promocionais, eventos empresariais, cursos de qualifica\u00e7\u00e3o profissional e palestras, a ACIUB\u00c1 promove a integra\u00e7\u00e3o entre comerciantes e consumidores, fomentando o crescimento do setor varejista e industrial da cidade.</i></p>\r\n<p style=\"text-align: justify; \"><i>Com uma vis\u00e3o voltada para o futuro, a ACIUB\u00c1 busca constantemente apoiar, capacitar e desenvolver a comunidade empresarial, sempre com criatividade, inova\u00e7\u00e3o e esp\u00edrito colaborativo. Sua atua\u00e7\u00e3o firme e consistente tem contribu\u00eddo diretamente para o progresso de Ub\u00e1, sendo fonte de inspira\u00e7\u00e3o e motiva\u00e7\u00e3o para todos os setores produtivos do munic\u00edpio.</i></p>\r\n<p style=\"text-align: justify; \"><i>A presente Mo\u00e7\u00e3o de Aplauso \u00e9, portanto, uma justa homenagem a todos que fizeram e fazem parte dessa hist\u00f3ria de sucesso: dirigentes, colaboradores, associados e parceiros. Neste momento especial, destacamos com honra os membros da diretoria atual da Associa\u00e7\u00e3o:</i></p>\r\n<p style=\"text-align: justify; \"><i>\u2022\u00a0\u00a0\u00a0\u00a0\u00a0\u00a0\u00a0\u00a0\u00a0 Presidente: Silber da Silva Silveira</i></p>\r\n<p style=\"text-align: justify; \"><i>\u2022\u00a0\u00a0\u00a0\u00a0\u00a0\u00a0\u00a0\u00a0\u00a0 Vice-Presidentes: Elias Ricardo Coelho e Werley Teixeira Rufino</i></p>\r\n<p style=\"text-align: justify; \"><i>\u2022\u00a0\u00a0\u00a0\u00a0\u00a0\u00a0\u00a0\u00a0\u00a0 Diretor de Desenvolvimento de Neg\u00f3cios: Higor Rodrigues de Oliveira</i></p>\r\n<p style=\"text-align: justify; \"><i>\u2022\u00a0\u00a0\u00a0\u00a0\u00a0\u00a0\u00a0\u00a0\u00a0 Diretor Financeiro: Jo\u00e3o Hon\u00f3rio Carneiro Junior</i></p>\r\n<p style=\"text-align: justify; \"><i>\u2022\u00a0\u00a0\u00a0\u00a0\u00a0\u00a0\u00a0\u00a0\u00a0 Diretor Jur\u00eddico: Ananias Eber Pereira da Costa</i></p>\r\n<p style=\"text-align: justify; \"><i>\u2022\u00a0\u00a0\u00a0\u00a0\u00a0\u00a0\u00a0\u00a0\u00a0 Diretora de Comunica\u00e7\u00e3o e Marketing: Naiara Miranda Corr\u00eaa</i></p>\r\n<p style=\"text-align: justify; \"><i>\u2022\u00a0\u00a0\u00a0\u00a0\u00a0\u00a0\u00a0\u00a0\u00a0 Conselheiros: Hernon Adjuto e Pedro Henriques Guimar\u00e3es Filho</i></p>\r\n<p style=\"text-align: justify; \"><i>Parabenizamos a ACIUB\u00c1 por sua incans\u00e1vel dedica\u00e7\u00e3o ao fortalecimento da economia local, pela promo\u00e7\u00e3o de valores \u00e9ticos e pelo compromisso com o bem-estar coletivo da nossa sociedade.\u201d</i></p>\r\n<p style=\"text-align: justify; \">Presid\u00eancia e Diretores da ACIUB\u00c1 receberam a homenagem em reuni\u00e3o ordin\u00e1ria na C\u00e2mara, no dia 22 de abril.</p>\r\n<p style=\"text-align: justify; \"><b>\u00a0</b></p>\r\n<p style=\"text-align: justify; \"><b>Mo\u00e7\u00e3o de Pesar</b></p>\r\n<p style=\"text-align: justify; \">Al\u00e9m das mo\u00e7\u00f5es de aplausos, o Legislativo tamb\u00e9m aprovou, em 22 de abril, a Mo\u00e7\u00e3o n\u00ba 014/2025, de autoria do vereador Andr\u00e9 Eust\u00e1quio Alves, externando pesar pelo falecimento de Sua Santidade, o Papa Francisco, ocorrido no Vaticano, no dia 21 de abril.</p>\r\n<p style=\"text-align: justify; \">\u00a0</p>", "author_name": "", "version": "1.0", "author_url": "https://www.uba.mg.leg.br/author/comunicacao", "provider_name": " ", "type": "rich"}