{"provider_url": "https://www.uba.mg.leg.br", "title": "C\u00e2mara homenageia L\u00edderes Comunit\u00e1rios", "html": "<p align=\"center\"><span>Em solenidade realizada no dia 2 de agosto, o Poder Legislativo Ubaense, em parceria com a Federa\u00e7\u00e3o Municipal das Associa\u00e7\u00f5es Comunit\u00e1rias dos Bairros e Distritos de Ub\u00e1 (Femac), homenageou dezenove not\u00f3rios cidad\u00e3os com o diploma de L\u00edder Comunit\u00e1rio. S\u00e3o pessoas que se destacam em suas respectivas comunidades, indicados pelos presidentes das associa\u00e7\u00f5es de bairros e pelos pr\u00f3prios moradores.</span></p>\r\n<p>Mais de 100 convidados prestigiaram o evento, sob a presid\u00eancia do vereador Jorge Custodio Gervasio. Tamb\u00e9m estiveram presentes \u00e0 sess\u00e3o os vereadores Antero Gomes de Aguiar, pastor Darci Pires da Silva, Edeir Pacheco da Costa, Gilson Fazolla Filgueiras, Jos\u00e9 Roberto Reis Filgueiras, Lu\u00eds Carlos Teixeira Ribeiro e Ros\u00e2ngela Maria Alfenas de Andrade.</p>\r\n<p>A solenidade contou ainda com a participa\u00e7\u00e3o de diversas autoridades entre as quais o prefeito de Ub\u00e1, Edson Teixeira Filho; o presidente da Femac, M\u00e1rio \u00c2ngelo No\u00e9; o vice-presidente da Femac, Andr\u00e9 Luiz Leite; a secret\u00e1ria da Dire\u00e7\u00e3o e Administra\u00e7\u00e3o do Foro de Ub\u00e1, Marli Estevam de Lana, representando o Poder Judici\u00e1rio; o 1\u00ba tenente PM, Felipe de Oliveira Alves Pereira, representando o 21\u00ba Batalh\u00e3o de Pol\u00edcia Militar de Minas Gerais; e o presidente da 30\u00aa Sub-Se\u00e7\u00e3o de Ub\u00e1 da Ordem dos Advogados do Brasil, Tiago Barcellos Zanelli Pires.</p>\r\n<p>O Coral da Secretaria Municipal de Cultura, regido pelo maestro Wantuil Alexandre, acompanhado pela tecladista e professora Tatiane Andrade, apresentou o Hino Nacional e o de Ub\u00e1. A \u201cAquarela do Brasil\u201d, de autoria do compositor ubaense Ary Barroso, foi tocada ao saxofone pelo maestro, tamb\u00e9m acompanhado ao teclado pela professora Tatiane.</p>\r\n<p>Ap\u00f3s a entrega dos diplomas conferidos pelo Poder Legislativo, os agraciados ouviram incentivadoras palavras do presidente da Femac, M\u00e1rio \u00c2ngelo No\u00e9. Em seu pronunciamento, ele exaltou o trabalho dos homenageados como sendo atos de humanidade e empatia para com o pr\u00f3ximo, de forma natural, espont\u00e2nea e volunt\u00e1ria. \u201cL\u00edder que n\u00e3o serve, n\u00e3o serve para ser l\u00edder, e o objetivo da Femac \u00e9 formar lideran\u00e7as cada vez mais comprometidas com o bem comum\u201d, declarou.</p>\r\n<p>O prefeito Edson Teixeira Filho destacou a import\u00e2ncia dos representantes e l\u00edderes dos bairros ao reconhecerem as demandas da popula\u00e7\u00e3o e lev\u00e1-las \u00e0 Administra\u00e7\u00e3o Municipal. \u201cUb\u00e1 cresce continuamente, e novos bairros surgem a todo momento. Com esse desenvolvimento, crescem tamb\u00e9m os problemas e necessidades da popula\u00e7\u00e3o, e as lideran\u00e7as s\u00e3o respons\u00e1veis por apontar tais car\u00eancias e eventuais solu\u00e7\u00f5es ao poder p\u00fablico\u201d, pontuou. O chefe do Executivo comentou ainda sobre as obras nas comunidades ali representadas, enfatizando que a prefeitura est\u00e1 cumprindo integralmente as a\u00e7\u00f5es previstas no Or\u00e7amento Participativo, incluindo as emendas parlamentares, apesar das dificuldades oriundas das reten\u00e7\u00f5es de verbas estaduais, que ainda assolam Ub\u00e1 e os demais munic\u00edpios mineiros.</p>\r\n<p>Ao encerrar a sess\u00e3o, o presidente da CMU, vereador Jorge Custodio Gervasio, congratulou os homenageados: \u201cVoc\u00eas,\u00a0homens e mulheres que hoje recebem esta\u00a0homenagem do Poder Legislativo, representam os valores e as lutas de todos aqueles que dedicam um pouco de seu tempo para melhorar a vida de sua comunidade.\u00a0N\u00e3o foi \u00e0 toa que voc\u00eas foram diretamente escolhidos pelos moradores de seus bairros e distritos para aqui representar a luta e a esperan\u00e7a em dias melhores. Voc\u00eas est\u00e3o aqui hoje porque fazem a diferen\u00e7a em suas comunidades. Parab\u00e9ns pela justa e merecida homenagem e meus desejos de que Deus continue lhes aben\u00e7oando com sa\u00fade e perseveran\u00e7a na caminhada por dias melhores para voc\u00eas, suas fam\u00edlias e seus vizinhos.\u201d\u00a0</p>\r\n<p>A sess\u00e3o solene de entrega do diploma aos L\u00edderes Comunit\u00e1rios foi institu\u00edda pela Lei Municipal 2.844, de 10 de novembro de 1998, e regulamentada pela Resolu\u00e7\u00e3o 01/99, de autoria dos vereadores \u00e0 \u00e9poca Fernando Ant\u00f4nio Fagundes Reis e Itamar dos Santos.</p>\r\n<p>De acordo com a resolu\u00e7\u00e3o, \u00e9 considerado L\u00edder Comunit\u00e1rio todo cidad\u00e3o ou cidad\u00e3 que, integrando a diretoria da Associa\u00e7\u00e3o de Moradores do seu respectivo bairro, \u201ctenha prestado inestim\u00e1veis servi\u00e7os em prol da sua coletividade, destacando-se pelo seu dinamismo, integridade moral e not\u00f3ria ascend\u00eancia sobre os demais\u201d. Compete \u00e0 C\u00e2mara Municipal de Ub\u00e1 (CMU) homologar a escolha dos L\u00edderes Comunit\u00e1rios.</p>\r\n<p><b>L\u00edderes Comunit\u00e1rios 2019</b></p>\r\n<p><br /> - C\u00f3rrego Santo Anast\u00e1cio, Adilo Marcolino;</p>\r\n<p>- Distrito de Miragaia, Adriano Eg\u00eddio Correia;</p>\r\n<p>- Bairros Da Luz e Agroceres, Aldair Lopes;</p>\r\n<p>- Bairros Santana e Dico Teixeira, Alexsandra Aparecida Guimar\u00e3es Freitas;</p>\r\n<p>- Centro da cidade, Genito Pires do Amaral;</p>\r\n<p>- Bairro Chiquito Gazolla, Claugo Marcos Campos Barbosa;</p>\r\n<p>- Bairro Vila Casal, Hygor Jos\u00e9 Feital Burato;</p>\r\n<p>- Bairro Nova Olinda, Ingryth Isabel Rodrigues da Silva;</p>\r\n<p>- Bairro S\u00e3o Domingos, Jos\u00e9 Carlos Monteiro;</p>\r\n<p>- Bairro Paulino Fernandes, Luciano Rufato Teixeira;</p>\r\n<p>- Bairro S\u00e3o Mateus, Luiza Helena Felomeno Gon\u00e7alves;</p>\r\n<p>- Bairros Meu Sonho, Mangueira Rural e Ponte Preta, Maria Aparecida de Moura Sperandio;</p>\r\n<p>- Bairro Antonina Coelho (Cohab), Mirian de Paula Batista Dias;</p>\r\n<p>- Bairro Jos\u00e9 Pires da Luz, Osmar Ant\u00f4nio da Silva;</p>\r\n<p>- Bairro Santa Bernadete, Padre Luiz Neto;</p>\r\n<p>- Bairro Cristo Redentor, Valtencir Pinheiro;</p>\r\n<p>- Bairro Shiavon, Valter Greg\u00f3rio Pereira;</p>\r\n<p>- Bairro S\u00e3o Sebasti\u00e3o, Vera L\u00facia Cruz Costa; e</p>\r\n<p>- Povoado de Ub\u00e1 Pequeno, Vicente Martins Neto.</p>\r\n<p>\u00a0</p>\r\n<p>\u00a0</p>\r\n<p>\u00a0</p>\r\n<p>\u00a0</p>", "author_name": "", "version": "1.0", "author_url": "https://www.uba.mg.leg.br/author/comunicacao", "provider_name": " ", "type": "rich"}