{"provider_url": "https://www.uba.mg.leg.br", "title": "C\u00c2MARA MIRIM DESENVOLVE TRABALHO DE CONSCIENTIZA\u00c7\u00c3O AMBIENTAL", "html": "<p style=\"text-align: justify; \">Os vereadores mirins participaram na quarta-feira (29) de um trabalho de conscientiza\u00e7\u00e3o ambiental, na E.E.Professor L\u00edvio de Castro Carneiro. A presidente da C\u00e2mara Mirim, Phaula Ferreira Navarro, e o vereador mirim, Allan Severiano dos Santos, s\u00e3o alunos desta escola e coordenaram as atividades.</p>\r\n<p style=\"text-align: justify; \">Cerca de 40 alunos e funcion\u00e1rios da institui\u00e7\u00e3o receberam folhetos com orienta\u00e7\u00f5es sobre coleta seletiva e materiais recicl\u00e1veis. Segundo o assessor da Escola do Legislativo, Jardel Peron Waquim, ao longo deste ano, os estudantes ir\u00e3o realizar a coleta seletiva e os materiais recolhidos ser\u00e3o enviados \u00e0 Associa\u00e7\u00e3o dos Catadores de Papel, Papel\u00e3o e Material Recicl\u00e1vel de Ub\u00e1 (Reciclau).</p>\r\n<p style=\"text-align: justify; \">Os demais vereadores mirins tamb\u00e9m participaram das atividades e apresentaram quest\u00f5es pertinentes sobre o desequil\u00edbrio ambiental no munic\u00edpio de Ub\u00e1 (desmatamento, queimadas, crise h\u00eddrica, entre outros), e mostraram as poss\u00edveis solu\u00e7\u00f5es para estas quest\u00f5es. A estudante da E.E. Professor L\u00edvio Carneiro, chamada Vit\u00f3ria Cristina Silva, tamb\u00e9m aproveitou a oportunidade e fez uma demonstra\u00e7\u00e3o de um trabalho artesanal de reutiliza\u00e7\u00e3o de material reciclado. \u00a0 \u00a0</p>\r\n<p style=\"text-align: justify; \">O pr\u00f3ximo trabalho de conscientiza\u00e7\u00e3o ambiental ser\u00e1 realizado na E.E. Coronel Jo\u00e3o Ferreira de Andrade,\u00a0no distrito da Miragaia, no m\u00eas de agosto.</p>", "author_name": "", "version": "1.0", "author_url": "https://www.uba.mg.leg.br/author/informatica", "provider_name": " ", "type": "rich"}