{"provider_url": "https://www.uba.mg.leg.br", "title": "C\u00e2mara Municipal apoia o Movimento Maio Amarelo", "html": "<p><span>Foi realizado na manh\u00e3 desta sexta-feira (25), no plen\u00e1rio do Legislativo Ubaense, o 1\u00ba Encontro Municipal \u201cMaio Amarelo \u2013 N\u00f3s somos o tr\u00e2nsito\u201d. O evento foi promovido pela Prefeitura de Ub\u00e1, por meio da Secretaria Municipal de Sa\u00fade, em parceria com a Ger\u00eancia Regional de Sa\u00fade e a Superintend\u00eancia Regional de Ensino e apoio da C\u00e2mara Municipal de Ub\u00e1.</span></p>\r\n<p>O Movimento Maio Amarelo tem o objetivo de chamar a aten\u00e7\u00e3o da sociedade para o alto \u00edndice de mortos e feridos no tr\u00e2nsito em todo o mundo. O tema prop\u00f5e o envolvimento direto da sociedade nas a\u00e7\u00f5es e traz reflex\u00e3o sobre uma nova forma de encarar a mobilidade. Trata-se de um est\u00edmulo a todos os condutores, sejam, caminh\u00f5es, \u00f4nibus, vans, autom\u00f3veis, motocicletas ou bicicletas, e aos pedestres e passageiros, a optarem por um tr\u00e2nsito mais seguro.</p>\r\n<p>Compuseram a mesa do encontro o prefeito de Ub\u00e1, Edson Teixeira Filho, o diretor da Ger\u00eancia Regional de Sa\u00fade (GRS) de Ub\u00e1, Reginaldo Furtado, a presidente da C\u00e2mara Municipal de Ub\u00e1, vereadora Ros\u00e2ngela Maria Alfenas de Andrade, o assessor de gabinete da Superintend\u00eancia Regional de Ensino, \u00c9lder Str\u00f4ppa, a tenente da Pol\u00edcia Militar, Ariane Ramos, representando o comandante do 21\u00ba Batalh\u00e3o da Pol\u00edcia Militar, a secret\u00e1ria Municipal de Sa\u00fade, Dulcin\u00e9a Thinassi Perini, e a secret\u00e1ria Municipal de Educa\u00e7\u00e3o, Maria\u00a0Elizabeth Barros.</p>\r\n<p>A presidente da C\u00e2mara, vereadora Ros\u00e2ngela Maria Alfenas de Andrade, ressaltou a import\u00e2ncia do respeito e da ordem no tr\u00e2nsito. \u201cSejamos condutores, passageiros, pedestres ou ciclistas, somos todos chamados a dar a nossa contribui\u00e7\u00e3o para que o tr\u00e1fego de pessoas, ve\u00edculos e mercadorias flua com normalidade e, principalmente, haja educa\u00e7\u00e3o, respeito e ordem no tr\u00e2nsito, independente do nosso meio de locomo\u00e7\u00e3o. O tr\u00e2nsito muitas vezes, fere, causa danos e at\u00e9 mortes, infelizmente\u201d, destacou.</p>\r\n<p>Ros\u00e2ngela tamb\u00e9m contou a sua experi\u00eancia como administradora do hospital Santa Isabel, para onde \u00e9 levada diariamente a imensa maioria das v\u00edtimas dos acidentes de tr\u00e2nsito. \u201cS\u00e3o, na maioria, jovens, mas h\u00e1, tamb\u00e9m, crian\u00e7as, adultos e idosos. N\u00e3o h\u00e1 exclusividade et\u00e1ria, embora a maioria seja jovem conduzindo motocicleta. Mas h\u00e1 tamb\u00e9m ciclistas, pedestres, passageiros, condutores, pessoas que se ferem com gravidade e, al\u00e9m do infort\u00fanio de fraturas e feridas, por si s\u00f3 lastim\u00e1veis, ficam incapacitadas de trabalhar e de produzir, prejudicando empresas, familiares e colegas de trabalho, que se sobrecarregam. Portanto, s\u00e3o bem-vindas as a\u00e7\u00f5es que visem a lan\u00e7ar novas luzes sobre a participa\u00e7\u00e3o de cada um na solu\u00e7\u00e3o dos problemas do tr\u00e2nsito\u201d, enfatizou.</p>\r\n<p>O prefeito de Ub\u00e1, Edson Teixeira Filho, enfatizou a import\u00e2ncia de se realizar melhorias de infraestrutura na cidade. \u201cApresentamos, no in\u00edcio do nosso mandato, projetos para melhoria das entradas da nossa cidade. Recuperar o anel vi\u00e1rio \u00e9 um dos projetos. Outro exemplo \u00e9 a constru\u00e7\u00e3o de uma rodovia que sa\u00edsse pr\u00f3xima \u00e0 Col\u00f4nia Padre Dami\u00e3o, que come\u00e7asse em Liga\u00e7\u00e3o e terminasse na estrada de Rodeiro. Esta rodovia evitaria in\u00fameros problemas devidos ao ac\u00famulo de ve\u00edculos pesados para transporte de mercadorias que circulam em Ub\u00e1 e na regi\u00e3o, mas ca\u00edmos num vazio, pois, n\u00e3o temos recursos financeiros para a realiza\u00e7\u00e3o das obras. Enquanto isso, vamos realizando as melhorias no tr\u00e2nsito na cidade\u201d, disse. \u00a0\u00a0</p>\r\n<p>Ap\u00f3s os pronunciamentos das autoridades foram realizadas as seguintes palestras: a primeira, ficou a cargo do respons\u00e1vel pela Refer\u00eancia T\u00e9cnica Regional \u201cVida no Tr\u00e2nsito\u201d da GRS/Ub\u00e1, Franklin Leandro Neto, com o tema: Contextualiza\u00e7\u00e3o do Projeto Vida no Tr\u00e2nsito, Maio Amarelo e o Perfil Morbi-Mortalidade, relacionados ao tr\u00e2nsito no Estado de Minas Gerais. O coordenador do Centro de Refer\u00eancia em Sa\u00fade do Trabalhador (Cerest), Thiago Wendt Antunes, abordou o tema: A influ\u00eancia do trabalho em acidentes de tr\u00e2nsito\u201d. E no encerramento, a secret\u00e1ria de Sa\u00fade de Ub\u00e1, Dulcin\u00e9a Thinassi, apresentou as a\u00e7\u00f5es realizadas pelo munic\u00edpio de Ub\u00e1, na tem\u00e1tica do Maio Amarelo.</p>\r\n<p>\u00a0</p>\r\n<p>\u00a0</p>\r\n<p>\u00a0</p>", "author_name": "", "version": "1.0", "author_url": "https://www.uba.mg.leg.br/author/comunicacao", "provider_name": " ", "type": "rich"}