{"provider_url": "https://www.uba.mg.leg.br", "title": "C\u00e2mara Municipal de Ub\u00e1 comemora hoje 163 anos", "html": "<p align=\"center\" style=\"text-align: justify; \">O Legislativo Ubaense hoje est\u00e1 em festa. \u00c9 que nesta sexta-feira completam-se 163 anos de sua instala\u00e7\u00e3o, ocorrida em 12 de maio de 1854. \u00c0quela \u00e9poca, o munic\u00edpio ainda n\u00e3o existia. O que havia por aqui era apenas a Villa de S\u00e3o Janu\u00e1rio de Ub\u00e1, antes denominada Arraial. A emancipa\u00e7\u00e3o pol\u00edtica veio quase tr\u00eas anos depois da inaugura\u00e7\u00e3o da C\u00e2mara, em 3 de julho de 1957.<br /> <br /> \u201c<i>Seguiram-se acirradas lutas entre pol\u00edticos, liberais e conservadores. O munic\u00edpio era suprimido ou restabelecido dependendo as decis\u00f5es ao grupo vencedor. Assim, com o passar dos anos, com o top\u00f4nimo S\u00e3o Janu\u00e1rio de Ub\u00e1, restringiu-se somente, exclusivamente a Ub\u00e1</i>\u201d. (Fonte: Ub\u00e1 - Cidade Carinho - Edi\u00e7\u00e3o Hist\u00f3rica - 1980).<br /> <br /> <br /> De sua instala\u00e7\u00e3o at\u00e9 hoje esta Casa teve 56 presidentes, sendo o primeiro o Ten. Cel. Francisco de Assis Ata\u00edde, passando por nomes como Cel. Carlos Brand\u00e3o, Dr. Levindo Eduardo Coelho, Carlos Peixoto Filho e, mais recentemente, Luiz Bigonha Gazolla, Claudio Ponciano, Samuel Gazolla Lima at\u00e9 a atual presidente, vereadora Ros\u00e2ngela Maria Alfenas de Andrade \u2013 isto para citar apenas alguns dos importantes nomes que deixaram aqui a sua marca. Centenas de vereadores tamb\u00e9m atuaram com afinco nesses 163 anos.<br /> <br /> Enquanto sede do Poder Legislativo Municipal, a C\u00e2mara de Ub\u00e1 \u00e9 respons\u00e1vel por colaborar com a elabora\u00e7\u00e3o das leis municipais, visando o bem estar e a organiza\u00e7\u00e3o social da cidade. Como as demais casas legislativas, a CMU \u00e9 formada por cidad\u00e3os eleitos pelo povo, os vereadores, respons\u00e1veis, entre outras fun\u00e7\u00f5es, pela edi\u00e7\u00e3o, discuss\u00e3o e vota\u00e7\u00e3o de leis para a municipalidade, propondo-se benfeitorias, obras e servi\u00e7os para o bem-estar da popula\u00e7\u00e3o em geral. Eles tamb\u00e9m s\u00e3o respons\u00e1veis pela fiscaliza\u00e7\u00e3o das a\u00e7\u00f5es tomadas pelo Poder Executivo, isto \u00e9, pelo prefeito, cabendo-lhes acompanhar a administra\u00e7\u00e3o municipal, principalmente no tocante ao cumprimento da lei e da boa aplica\u00e7\u00e3o e gest\u00e3o do er\u00e1rio, ou seja, do dinheiro p\u00fablico.<br /> <br /> Cada vereador cumpre um mandato de quatro anos. Devem respeitar a Lei Org\u00e2nica (a Lei Maior do Munic\u00edpio), a Constitui\u00e7\u00e3o Federal e o interesse p\u00fablico. <span>A</span> Os atuais membros da C\u00e2mara de Ub\u00e1 foram eleitos em outubro de 2016, para a Legislatura de 2017 a 2020. Nossos vereadores hoje s\u00e3o:</p>\r\n<p style=\"text-align: justify; \">\u00a0\u00a0\u00a0\u00a0Antero\u00a0Gomes\u00a0de\u00a0Aguiar<br /> \u00a0\u00a0\u00a0\u00a0Edeir\u00a0Pacheco\u00a0da\u00a0Costa\u00a0(vice-presidente)<br /> \u00a0\u00a0\u00a0\u00a0Lu\u00eds\u00a0Carlos\u00a0Teixeira\u00a0Ribeiro<br /> \u00a0\u00a0\u00a0\u00a0Gilson\u00a0Fazolla\u00a0Filgueiras<br /> \u00a0\u00a0\u00a0\u00a0Jane\u00a0Cristina\u00a0Lacerda\u00a0Pinto<br /> \u00a0\u00a0\u00a0\u00a0Jorge\u00a0Cust\u00f3dio\u00a0Gerv\u00e1sio<br /> \u00a0\u00a0\u00a0\u00a0Jos\u00e9\u00a0Roberto\u00a0Reis\u00a0Filgueiras<br /> \u00a0\u00a0\u00a0\u00a0Joseli\u00a0An\u00edsio\u00a0Pinto<br /> \u00a0\u00a0\u00a0\u00a0Alexandre\u00a0de\u00a0Barros\u00a0Mendes<br /> \u00a0\u00a0\u00a0\u00a0Darci\u00a0Pires\u00a0da\u00a0Silva\u00a0(1\u00ba secret\u00e1rio)<br /> \u00a0\u00a0\u00a0\u00a0Ros\u00e2ngela\u00a0Maria\u00a0Alfenas\u00a0de\u00a0Andrade\u00a0(presidente)<br /> <br /> <b>Parab\u00e9ns \u00e0 C\u00e2mara, \u00a0seus vereadores e servidores, pelos 163 anos de trabalho e dedica\u00e7\u00e3o buscando a consolida\u00e7\u00e3o da for\u00e7a pol\u00edtica e a promo\u00e7\u00e3o da cidadania.<br /> <br /> </b></p>", "author_name": "", "version": "1.0", "author_url": "https://www.uba.mg.leg.br/author/comunicacao", "provider_name": " ", "type": "rich"}