{"provider_url": "https://www.uba.mg.leg.br", "title": "C\u00e2mara Municipal de Ub\u00e1 completa hoje 167 anos", "html": "<p>A C\u00e2mara Municipal de Ub\u00e1 celebra, hoje, 167 anos de instala\u00e7\u00e3o, ocorrida em 12 de maio de 1854. \u00c0quela \u00e9poca, o munic\u00edpio ainda n\u00e3o existia. O que havia por aqui era apenas a Villa de S\u00e3o Janu\u00e1rio de Ub\u00e1, antes denominada Arraial. A emancipa\u00e7\u00e3o pol\u00edtica veio quase tr\u00eas anos depois da inaugura\u00e7\u00e3o da C\u00e2mara, em 3 de julho de 1957.</p>\r\n<p>De sua instala\u00e7\u00e3o at\u00e9 hoje esta Casa teve 58 presidentes, sendo o primeiro o Ten. Cel. Francisco de Assis Ata\u00edde, passando por nomes como Cel. Carlos Brand\u00e3o, Dr. Levindo Eduardo Coelho, Carlos Peixoto Filho e, mais recentemente, Luiz Bigonha Gazolla, Claudio Ponciano, Samuel Gazolla Lima, Ros\u00e2ngela Maria Alfenas de Andrade, Jorge Custodio Gervasio, at\u00e9 o atual presidente, vereador Jos\u00e9 Roberto Reis Filgueiras \u2013 isto para citar apenas alguns dos importantes nomes que deixaram aqui a sua marca. Centenas de vereadores tamb\u00e9m atuaram com afinco nesses 167 anos.</p>\r\n<p>Os vereadores que comp\u00f5em O Poder Legislativo, s\u00e3o respons\u00e1veis, entre outras fun\u00e7\u00f5es, pela edi\u00e7\u00e3o, discuss\u00e3o e vota\u00e7\u00e3o de leis para a municipalidade, pela fiscaliza\u00e7\u00e3o das a\u00e7\u00f5es tomadas pelo Poder Executivo, principalmente no tocante ao cumprimento da lei e da boa aplica\u00e7\u00e3o e gest\u00e3o do dinheiro p\u00fablico.</p>\r\n<p>Cada vereador cumpre um mandato de quatro anos. Devem respeitar a Lei Org\u00e2nica (a Lei Maior do Munic\u00edpio), a Constitui\u00e7\u00e3o Federal e o interesse p\u00fablico. A Os atuais membros da C\u00e2mara de Ub\u00e1 foram eleitos em outubro de 2020, para a Legislatura de 2021 a 2024. Nossos vereadores hoje s\u00e3o:</p>\r\n<p>Aparecida S\u00f4nia Ferreira Vidal;</p>\r\n<p>Alexandre de Barros Mendes (2\u00ba secret\u00e1rio);</p>\r\n<p>Aline Moreira Silva Melo (1\u00aa secret\u00e1ria);</p>\r\n<p>C\u00e9lio Lopes dos Santos;</p>\r\n<p>Edeir Pacheco da Costa (1\u00ba vice-presidente);</p>\r\n<p>Gilson Fazolla Filgueiras (2\u00ba vice-presidente);</p>\r\n<p>Jane Cristina Lacerda Pinto;</p>\r\n<p>Jos\u00e9 Carlos Reis Pereira;</p>\r\n<p>Jos\u00e9 Damato Neto;</p>\r\n<p>Jos\u00e9 Maria Fernandes;</p>\r\n<p>Jos\u00e9 Roberto Reis Filgueiras (Presidente)</p>\r\n<p>Parab\u00e9ns \u00e0 C\u00e2mara, seus vereadores e servidores, pelos 167 anos de trabalho e dedica\u00e7\u00e3o \u00e0 popula\u00e7\u00e3o ubaense.</p>\r\n<p>\u00a0</p>", "author_name": "", "version": "1.0", "author_url": "https://www.uba.mg.leg.br/author/comunicacao", "provider_name": " ", "type": "rich"}