{"provider_url": "https://www.uba.mg.leg.br", "title": "C\u00e2mara Municipal de Ub\u00e1 completa 170 anos de instala\u00e7\u00e3o", "html": "<p>A C\u00e2mara Municipal de Ub\u00e1 completou em 12 de maio de 2024, 170 anos.</p>\r\n<p>A instala\u00e7\u00e3o do parlamento ubaense ocorreu no dia 12 de maio de 1854. \u00c0quela \u00e9poca, o munic\u00edpio ainda n\u00e3o existia. O que havia era apenas a Villa de S\u00e3o Janu\u00e1rio de Ub\u00e1, antes denominada Arraial. A emancipa\u00e7\u00e3o pol\u00edtica veio quase tr\u00eas anos depois da inaugura\u00e7\u00e3o da C\u00e2mara, em 3 de julho de 1857.</p>\r\n<p>Por 126 anos, a C\u00e2mara Municipal funcionou dentro do Pa\u00e7o Municipal, sede do Poder Executivo.</p>\r\n<p>Em 1983, a reforma do pr\u00e9dio da Prefeitura inicia a independ\u00eancia f\u00edsica, pol\u00edtica e cont\u00e1bil do Poder Legislativo ubaense com a mudan\u00e7a para a Rua S\u00e3o Jos\u00e9, e em 2008, com a inaugura\u00e7\u00e3o de sua sede pr\u00f3pria, que fica \u00e0 Rua Santa Cruz, n\u00ba301, no Centro de Ub\u00e1.</p>", "author_name": "", "version": "1.0", "author_url": "https://www.uba.mg.leg.br/author/comunicacao", "provider_name": " ", "type": "rich"}