{"provider_url": "https://www.uba.mg.leg.br", "title": "C\u00e2mara Municipal de Ub\u00e1 realiza lan\u00e7amento do Parlamento Jovem", "html": "<p style=\"text-align: justify; \">A C\u00e2mara Municipal de Ub\u00e1 por meio da Escola do Legislativo realiza, na pr\u00f3xima sexta-feira, 24 de mar\u00e7o de 2023, \u00e0s 14h, no plen\u00e1rio Vereador Lincoln Rodrigues Costa, a cerim\u00f4nia de lan\u00e7amento do Parlamento Jovem. S\u00e3o aguardados cerca de 50 estudantes da rede p\u00fablica e privada das seguintes escolas de Ub\u00e1:\u00a0<span>E.E S\u00e3o Jos\u00e9, E.E.Eunice Weaver, E.E. Professor Livio Carneiro, E.E.Deputado Carlos Peixoto Filho, E.E. Dr Levindo Coelho, E.E. Padre Jo\u00e3ozinho, E.E. Governador Valadares, Col\u00e9gio Losango, Col\u00e9gio Sagrado Cora\u00e7\u00e3o de Maria, Col\u00e9gio Tiradentes, E.E. Senador Levindo Coelho, E.E. Raul Soares e Col\u00e9gio Objetivo.</span></p>\r\n<p class=\"paragraph\" style=\"text-align: justify; \"><span>O Parlamento Jovem de Minas \u00e9 uma iniciativa da ALMG com o intuito de promover a forma\u00e7\u00e3o pol\u00edtica aos estudantes do ensino m\u00e9dio dos munic\u00edpios mineiros e criar a oportunidade de conhecer melhor a pol\u00edtica e os instrumentos de participa\u00e7\u00e3o no Poder Legislativo municipal e estadual.\u00a0</span></p>\r\n<p style=\"text-align: justify; \"><span>A cada ano, os jovens escolhem um tema de relev\u00e2ncia social e vivenciam atividades de estudo, debates e delibera\u00e7\u00e3o que contribuem para sua forma\u00e7\u00e3o pol\u00edtica.</span></p>\r\n<p style=\"text-align: justify; \"><span>O tema deste ano \u00e9: \u201cJovens e Mercado de Trabalho\u201d, e re\u00fane ainda outros subtemas, como: \u201cDesenvolvimento Econ\u00f4mico e Mercado de Trabalho\u201d, \u201cEscolaridade e Qualifica\u00e7\u00e3o Profissional\u201d e \u201cJovens em situa\u00e7\u00e3o de vulnerabilidade e inclus\u00e3o no trabalho\u201d.</span></p>\r\n<p style=\"text-align: justify; \"><span><br /></span></p>\r\n<p style=\"text-align: justify; \"><span><br /></span></p>\r\n<p><span><br /></span></p>", "author_name": "", "version": "1.0", "author_url": "https://www.uba.mg.leg.br/author/comunicacao", "provider_name": " ", "type": "rich"}