{"provider_url": "https://www.uba.mg.leg.br", "title": "C\u00e2mara Municipal de Ub\u00e1 recebe evento promovido pela ALMG", "html": "<p style=\"text-align: justify; \">No dia 17 de agosto (quinta-feira), a C\u00e2mara Municipal de Ub\u00e1 (CMU) receber\u00e1 mais uma edi\u00e7\u00e3o do projeto<strong> \"Encontros com a Pol\u00edtica\",</strong> uma realiza\u00e7\u00e3o da Assembleia Legislativa de Minas Gerais (ALMG), por meio da parceria entre as Escolas do Legislativo e o Centro de Apoio \u00e0s C\u00e2maras (CEAC).</p>\r\n<p>O evento, com abertura programada para as 8h30, contar\u00e1 com a palestra \u201cControle externo do Executivo: as leis autorizativas\u201d, que ser\u00e1 proferida por Ant\u00f4nio Jos\u00e9 Calhau de Resende, mestre em Direito Administrativo, consultor da ALMG e professor da Escola do Legislativo.</p>\r\n<p>Esta \u00e9 a terceira edi\u00e7\u00e3o do \"Encontro com a Pol\u00edtica\" realizado na C\u00e2mara Municipal de Ub\u00e1.</p>\r\n<p><strong>Confira a programa\u00e7\u00e3o</strong></p>\r\n<p>8h30 - Abertura</p>\r\n<p>9h \u00e0s 11h - Palestra Controle externo do Executivo: as leis autorizativas (Prof. Ant\u00f4nio Jos\u00e9 Calhau de Resende)</p>\r\n<p>11h30 - Encerramento</p>\r\n<p>A palestra \u00e9 destinada a vereadores, servidores municipais e a comunidade em geral. As inscri\u00e7\u00f5es s\u00e3o gratuitas e podem ser efetuadas pelo telefone (32) 3539-5013.</p>\r\n<p style=\"text-align: justify; \"><span>Por Rafaela Namorato - Assessoria de Comunica\u00e7\u00e3o CMU</span></p>", "author_name": "", "version": "1.0", "author_url": "https://www.uba.mg.leg.br/author/comunicacao", "provider_name": " ", "type": "rich"}