{"provider_url": "https://www.uba.mg.leg.br", "title": "C\u00e2mara promove palestra sobre administra\u00e7\u00e3o p\u00fablica", "html": "<p align=\"justify\"><span><span><span><span>A Escola do Legislativo da C\u00e2mara Municipal de Ub\u00e1 promoveu na tarde de hoje (17) a primeira palestra deste ano. O tema: \"Os Princ\u00edpios da Administra\u00e7\u00e3o P\u00fablica: A Res Publica e seu povo\" foi apresentado pela professora de Direito, Tainah M. Marrazzo da Costa.</span></span></span></span></p>\r\n<p align=\"justify\"><span><span><span><span>Entre os presentes estavam os vereadores Edeir Pacheco (vice-presidente da CMU), Pastor Darci (1\u00ba secret\u00e1rio da CMU), Jane Lacerda, Jos\u00e9 Roberto Filgueiras e Alexandre de Barros Mendes. Al\u00e9m deles, muitos servidores p\u00fablicos, estudantes, membros do Parlamento Jovem e da comunidade em geral participaram da palestra.</span></span></span></span></p>\r\n<p align=\"justify\"><span><span><span><span>Mais do que falar sobre os princ\u00edpios constitucionais da Administra\u00e7\u00e3o P\u00fablica (legalidade, impessoalidade, moralidade, publicidade e efici\u00eancia), a palestrante discutiu com o p\u00fablico sobre a import\u00e2ncia da pol\u00edtica e da participa\u00e7\u00e3o popular efetiva nos atos pol\u00edticos. A pol\u00edtica (governo/povo/na\u00e7\u00e3o) precisa ser entendida como \u201ccoisa do povo\u201d, afinal \u00e9 este o significado de Rep\u00fablica (do latim res publica, \u201ccoisa p\u00fablica\u201d).</span></span></span></span></p>\r\n<p align=\"justify\"><span><span>\u201c<span><span><span>No atual cen\u00e1rio pol\u00edtico em que vivemos, onde impera severa crise de representatividade, o povo precisa estar consciente de seu papel, cobrando o cumprimento desses princ\u00edpios constitucionais. Da mesma forma, a Administra\u00e7\u00e3o P\u00fablica deve saber como se portar para atend\u00ea-los\u201d, salientou Tainah Marrazzo. Para tanto, continuou ela, todos devem estar cientes que, ao contr\u00e1rio do que muitos pensam, ser agente pol\u00edtico requer, sim, muito preparo e conhecimento.</span></span></span></span></span></p>\r\n<p align=\"justify\"><span><span><span><span>A palestrante</span></span></span></span></p>\r\n<p align=\"justify\"><span><span><span><span>Tainah M. Marrazzo da Costa \u00e9 mestre e doutoranda em Ci\u00eancias Jur\u00eddicas pela Universidade Aut\u00f4noma de Lisboa/Portugal e, tamb\u00e9m \u00e9 especialista em Direito Penal e Direito Processual Penal. </span></span></span></span></p>\r\n<p align=\"justify\" class=\"western\">\u00a0</p>\r\n<p align=\"justify\" class=\"western\">\u00a0</p>\r\n<p align=\"justify\" class=\"western\">\u00a0</p>\r\n<p align=\"justify\" class=\"western\">\u00a0</p>", "author_name": "", "version": "1.0", "author_url": "https://www.uba.mg.leg.br/author/comunicacao", "provider_name": " ", "type": "rich"}