{"provider_url": "https://www.uba.mg.leg.br", "title": "C\u00e2mara promove palestra sobre imposto de renda", "html": "<p style=\"text-align: justify; \"><span>A Escola do Legislativo da C\u00e2mara Municipal de Ub\u00e1 (CMU) realiza no dia 20 de abril, \u00e0s 9 horas, no plen\u00e1rio, a palestra \u201cImposto de Renda de Pessoa F\u00edsica \u2013 2017\u201d. O tema ser\u00e1 explanado pela Bacharel em Ci\u00eancias Cont\u00e1beis (Fagoc), Vanusa Ribeiro de Barros. A pal</span><span class=\"text_exposed_show\">estrante tamb\u00e9m \u00e9 P\u00f3s-Graduada em Direito e Gest\u00e3o P\u00fablica pela Univi\u00e7osa, e Especialista com atua\u00e7\u00e3o em Per\u00edcia Trabalhista e Financeira (Judicial e Extrajudicial).</span></p>\r\n<p style=\"text-align: justify; \"><span class=\"text_exposed_show\">Ser\u00e3o abordados os seguintes assuntos:\u00a0<br />\u2022 O que \u00e9 IRPF?<br />\u2022 Quem est\u00e1 obrigado a declarar?<br />\u2022 Por que declarar?\u00a0<br />\u2022 O que preciso informar na declara\u00e7\u00e3o?<br />\u2022 O que \u00e9 Malha Fina?\u00a0<br />\u2022 Cruzamento de dados do IRPF;<br />\u2022 Declara\u00e7\u00e3o conjunta;<br />\u2022 Declara\u00e7\u00e3o Completa X Declara\u00e7\u00e3o Simplificada;<br />\u2022 Outros assuntos relacionados \u00e0 IRPF.</span></p>\r\n<div class=\"text_exposed_show\">\r\n<p style=\"text-align: justify; \">O evento \u00e9 gratuito, com emiss\u00e3o de certificados, e promovido em parceria com a Associa\u00e7\u00e3o dos Contabilistas de Ub\u00e1 (ASCONT).</p>\r\n<p style=\"text-align: justify; \">Participe! Voc\u00ea \u00e9 nosso convidado!</p>\r\n</div>", "author_name": "", "version": "1.0", "author_url": "https://www.uba.mg.leg.br/author/comunicacao", "provider_name": " ", "type": "rich"}