{"provider_url": "https://www.uba.mg.leg.br", "title": "C\u00e2mara realiza semana do L\u00edder Comunit\u00e1rio", "html": "<p><span>A C\u00e2mara Municipal de Ub\u00e1 realiza, no per\u00edodo de 30 de julho a 2 de agosto, a Semana do L\u00edder Comunit\u00e1rio, no plen\u00e1rio do Legislativo Ubaense. </span></p>\r\n<p><span>Participe! O evento \u00e9 gratuito!</span></p>", "author_name": "", "version": "1.0", "author_url": "https://www.uba.mg.leg.br/author/comunicacao", "provider_name": " ", "type": "rich"}