{"provider_url": "https://www.uba.mg.leg.br", "title": "C\u00e2mara recebe inscri\u00e7\u00f5es para o Pr\u00e9-Enem Social 2019", "html": "<p style=\"text-align: justify; \"><span>J\u00e1 est\u00e3o abertas as inscri\u00e7\u00f5es do Curso Preparat\u00f3rio para o Exame Nacional do Ensino M\u00e9dio (Enem) 2019. A a\u00e7\u00e3o \u00e9 uma iniciativa da C\u00e2mara Municipal de Ub\u00e1 (CMU), por meio da Escola do Legislativo (EL), em parceria com o Instituto Federal do Sudeste de Minas Gerais (IF Sudeste/MG) Campus Avan\u00e7ado Ub\u00e1 e Campus Rio Pomba.</span></p>\r\n<p style=\"text-align: justify; \">Junte-se a n\u00f3s neste processo de prepara\u00e7\u00e3o e aprendizagem!</p>\r\n<p style=\"text-align: justify; \">O curso \u00e9 gratuito. Inscreva-se pelo telefone (32)3539-5018, na Escola do Legislativo da C\u00e2mara Municipal de Ub\u00e1. As vagas s\u00e3o limitadas.</p>", "author_name": "", "version": "1.0", "author_url": "https://www.uba.mg.leg.br/author/comunicacao", "provider_name": " ", "type": "rich"}