{"provider_url": "https://www.uba.mg.leg.br", "title": "C\u00e2mara recebe Sindicato dos Marceneiros em Reuni\u00e3o Popular", "html": "<p align=\"center\" style=\"text-align: justify; \"><span>A situa\u00e7\u00e3o dos trabalhadores do polo moveleiro de Ub\u00e1, a necessidade de adequa\u00e7\u00e3o do anel vi\u00e1rio, a import\u00e2ncia da implanta\u00e7\u00e3o do Distrito Industrial e a possibilidade de o munic\u00edpio se tornar Polo Moveleiro Estadual foram os assuntos abordados na reuni\u00e3o popular realizada na C\u00e2mara Municipal no dia 4 de julho.</span></p>\r\n<p style=\"text-align: justify; \">Solicitada por representantes do Sindicato dos Marceneiros, o evento integra a agenda do Poder Legislativo, conforme seu Regimento Interno. A previs\u00e3o regimental \u00e9 de que se promova reuni\u00e3o espec\u00edfica para participa\u00e7\u00e3o popular, definida como sess\u00e3o especial, nas primeiras quartas-feiras de cada m\u00eas, mediante requerimento de qualquer cidad\u00e3o que pretenda discutir temas de relev\u00e2ncia social, desde que feita a solicita\u00e7\u00e3o com at\u00e9 72 horas de anteced\u00eancia.</p>\r\n<p style=\"text-align: justify; \">Pelo sindicato, participaram o seu presidente Jos\u00e9 Carlos Reis Pereira, os advogados Jardel Peron Waquim e Andr\u00e9 Squizzato, e o parceiro Washington Ferreira. Presidida pelo vereador Jorge Custodio Gervasio, a reuni\u00e3o tamb\u00e9m contou com a participa\u00e7\u00e3o dos vereadores Antero Gomes, Edeir Pacheco, Joseli An\u00edsio, Lu\u00eds Carlos Ribeiro e Ros\u00e2ngela Alfenas, al\u00e9m do vereador suplente Edvar Miquelito.</p>\r\n<p style=\"text-align: justify; \">Com cinco minutos disponibilizados para cada inscrito, os participantes apresentaram aos vereadores pauta para indica\u00e7\u00f5es ao Poder Executivo ou mesmo a propositura de um projeto de lei. As principais sugest\u00f5es foram:</p>\r\n<p style=\"text-align: justify; \">- tornar Patrim\u00f4nio Hist\u00f3rico e Cultural da cidade as f\u00e1bricas de m\u00f3veis de Ub\u00e1;</p>\r\n<p style=\"text-align: justify; \">- melhorias no transporte p\u00fablico;</p>\r\n<p style=\"text-align: justify; \">- fiscaliza\u00e7\u00e3o por parte da Comiss\u00e3o de Agricultura, Com\u00e9rcio, Ind\u00fastria e Meio Ambiente da CMU (CACIMA), em parceria com a Prefeitura e com o Conselho Regional de Engenharia e Agronomia mineiro no que tange \u00e0 execu\u00e7\u00e3o das normas espec\u00edficas nas f\u00e1bricas de m\u00f3veis locais;</p>\r\n<p style=\"text-align: justify; \">- divulga\u00e7\u00e3o de relat\u00f3rio semanal no Di\u00e1rio Oficial Eletr\u00f4nico do n\u00famero e tipo de acidentes de trabalho no munic\u00edpio, bem como das atividades da CACIMA;</p>\r\n<p style=\"text-align: justify; \">- cria\u00e7\u00e3o do Distrito Industrial de Ub\u00e1;</p>\r\n<p style=\"text-align: justify; \">- fortalecimento do setor de fiscaliza\u00e7\u00e3o da Prefeitura, com mais autonomia e recursos, estruturais e humanos;</p>\r\n<p style=\"text-align: justify; \">- cria\u00e7\u00e3o da ger\u00eancia de Ind\u00fastria e Trabalho no \u00e2mbito da Secretaria de Governo, em articula\u00e7\u00e3o com trabalhadores e empres\u00e1rios.</p>\r\n<p style=\"text-align: justify; \">As sugest\u00f5es ser\u00e3o analisadas pela CMU e ter\u00e3o o seu devido encaminhamento \u00e0s autoridades competentes.</p>\r\n<p style=\"text-align: justify; \">\u00a0</p>\r\n<p style=\"text-align: justify; \"><b>Ub\u00e1 - Capital Estadual da Ind\u00fastria Moveleira</b></p>\r\n<p style=\"text-align: justify; \">Tramita na Assembleia Legislativa de Minas Gerais (ALMG) os Projetos de Lei n\u00b0 515/2019 e 516/2019, de autoria do Deputado Estadual Coronel Henrique, que pretendem, respectivamente, conferir ao munic\u00edpio de Ub\u00e1 o t\u00edtulo de Capital Estadual da Ind\u00fastria Moveleira, e instituir o Polo Moveleiro de Ub\u00e1. Ele justifica as propostas constatando que a cidade \u00e9 o maior polo moveleiro do estado e o terceiro do pa\u00eds, sediando a Feira de M\u00f3veis de Minas Gerais (FEMUR) e apresentando Arranjo Produtivo Local (APL) do segmento moveleiro que \u00e9 refer\u00eancia nacional em organiza\u00e7\u00e3o e desenvolvimento. <b></b></p>\r\n<p style=\"text-align: justify; \">Uma audi\u00eancia p\u00fablica promovida pela ALMG est\u00e1 prevista para o m\u00eas de agosto, em Ub\u00e1, com o objetivo de apresentar e discutir o assunto dos projetos.</p>\r\n<p style=\"text-align: justify; \">\u00a0</p>", "author_name": "", "version": "1.0", "author_url": "https://www.uba.mg.leg.br/author/comunicacao", "provider_name": " ", "type": "rich"}