{"provider_url": "https://www.uba.mg.leg.br", "title": "Castram\u00f3vel \u00e9 inaugurado em Ub\u00e1", "html": "<p style=\"text-align: justify; \">Numa a\u00e7\u00e3o conjunta entre a Comiss\u00e3o de Prote\u00e7\u00e3o Animal (CPA) da C\u00e2mara Municipal de Ub\u00e1 (CMU), por interm\u00e9dio de sua presidente, a vereadora Jane Lacerda, e a Associa\u00e7\u00e3o dos Munic\u00edpios da Microrregi\u00e3o do Vale Paraibuna (AMPAR), foi inaugurada, no dia 26 de junho, a Unidade B\u00e1sica de Sa\u00fade Animal (Castram\u00f3vel), que vai atender mensalmente os animais da nossa cidade.</p>\r\n<p style=\"text-align: justify; \">Al\u00e9m da presidente da Comiss\u00e3o, participaram do evento os vereadores Gilson Fazolla e Jorge Gerv\u00e1sio, membros da CPA, e o vereador Jos\u00e9 Roberto Filgueiras. Presentes tamb\u00e9m o prefeito de Ub\u00e1, Edson Teixeira e o deputado estadual Dirceu dos Santos Ribeiro, que conseguiu recursos junto ao Governo do Estado para a aquisi\u00e7\u00e3o do container que abriga a Unidade. Representando a AMPAR, o seu presidente Paulo Neves (prefeito de Guarani), o vice-presidente Dauro Martins Vidal (prefeito de Tabuleiro), o secret\u00e1rio executivo Agostinho Paiva, e o coordenador de Projetos da Associa\u00e7\u00e3o, Juvenal Carvalho.</p>\r\n<p style=\"text-align: center; \"><img src=\"https://www.uba.mg.leg.br/fotos-noticias/20170626_101656.jpg\" alt=\"\" class=\"image-inline\" title=\"\" /></p>\r\n<p style=\"text-align: justify; \">Presidente da Sociedade Ubaense de Prote\u00e7\u00e3o aos Animais (SUPA) por 19 anos, a vereadora Jane Lacerda salientou que a castra\u00e7\u00e3o \u00e9 uma a\u00e7\u00e3o p\u00fablica s\u00e9ria, comprometida com a causa animal, configurando-se como pol\u00edtica de controle de zoonoses mais eficaz, conforme a Organiza\u00e7\u00e3o Mundial de Sa\u00fade. \u201cAl\u00e9m da sa\u00fade e bem-estar resguardados aos atendidos, o projeto ter\u00e1 um impacto significativo no n\u00famero de animais abandonados, a m\u00e9dio e longo prazos, reduzindo tamb\u00e9m a situa\u00e7\u00e3o de abandono e superlota\u00e7\u00e3o\u201d, destacou a presente da Comiss\u00e3o.</p>\r\n<p style=\"text-align: justify; \"><b>A Unidade B\u00e1sica de Sa\u00fade Animal</b></p>\r\n<p style=\"text-align: justify; \">De acordo com a AMPAR, a Unidade B\u00e1sica de Sa\u00fade Animal (UBSA) \u00e9 um container tipo <i>reefer</i>, devidamente adaptado interna e externamente para servir ao atendimento b\u00e1sico de c\u00e3es e gatos, ao controle reprodutivo, controle de zoonoses e ao est\u00edmulo \u00e0 guarda respons\u00e1vel. Sua estrutura interna e arranjo f\u00edsico foram projetados para viabilizar da melhor forma poss\u00edvel o fluxo das opera\u00e7\u00f5es e a realiza\u00e7\u00e3o dos procedimentos de vacina\u00e7\u00e3o, identifica\u00e7\u00e3o eletr\u00f4nica (microchip) e cirurgias de esteriliza\u00e7\u00e3o.</p>\r\n<p style=\"text-align: center; \"><img src=\"https://www.uba.mg.leg.br/fotos-noticias/20170626_085025.jpg\" alt=\"\" class=\"image-inline\" title=\"\" /></p>\r\n<p style=\"text-align: justify; \"><span>Conta com salas de recep\u00e7\u00e3o, preparo de pacientes, cirurgia, antissepsia, esteriliza\u00e7\u00e3o de materiais e p\u00f3s-operat\u00f3rio. Todos os setores foram dimensionados e alocados a fim de se proporcionar um \u00f3timo ambiente de trabalho, levando-se em conta aspectos de higiene, assepsia, bem-estar humano e animal.</span></p>\r\n<p style=\"text-align: justify; \"><b>\u00a0Os atendimentos\u00a0</b></p>\r\n<p style=\"text-align: justify; \">A maioria dos atendimentos s\u00e3o gratuitos, de animais abandonados ou sob a guarda de pessoas comprovadamente carentes. Nos cinco dias em que a Unidade esteve em Ub\u00e1 (26 a 30 de junho), na comunidade do Tanquinho, foram atendidos cerca de 200 animais (c\u00e3es e gatos). Castra\u00e7\u00f5es, primeiros so<span>corros e atendimento b\u00e1sico estiveram entre os procedimentos realizados pela m\u00e9dica veterin\u00e1ria e cirurgi\u00e3, Dr.\u00aa Fernanda de Assis Lopes, e sua equipe. Todos os animais que passam pela cirurgia de esteriliza\u00e7\u00e3o s\u00e3o identificados com tatuagem numerada.</span></p>\r\n<p style=\"text-align: center; \"><span><img src=\"https://www.uba.mg.leg.br/fotos-noticias/3.jpg\" alt=\"\" class=\"image-inline\" title=\"\" /></span></p>\r\n<p style=\"text-align: justify; \">Ap\u00f3s os atendimentos em nossa cidade, a UBSA segue para as cidades de Tocantins, Guarani, Rio Pomba, Tabuleiro, Guidoval e Rodeiro, alguns dos 40 munic\u00edpios que s\u00e3o membros da AMPAR e do Cons\u00f3rcio Intermunicipal Multifinalit\u00e1rio do Vale do Paraibuna (CIMPAR).</p>\r\n<p style=\"text-align: justify; \">A previs\u00e3o \u00e9 de que a Unidade retorne \u00e0 Ub\u00e1 no final do m\u00eas de julho, onde atender\u00e1 no bairro Pires da Luz, por 3 a 4 dias.</p>\r\n<p align=\"center\"><b><i>\"Castrar \u00e9 uma forma de controlar o n\u00famero de animais abandonados pelas ruas. Al\u00e9m de ser uma quest\u00e3o de Sa\u00fade P\u00fablica, \u00e9 uma quest\u00e3o de humanidade.\"</i></b></p>\r\n<p>\u00a0</p>\r\n<p><i>Por Gisele Caires</i></p>\r\n<p><i>Jornalista CMU</i></p>", "author_name": "", "version": "1.0", "author_url": "https://www.uba.mg.leg.br/author/comunicacao", "provider_name": " ", "type": "rich"}