{"provider_url": "https://www.uba.mg.leg.br", "title": "Censo \u00e9 adiado para 2021", "html": "<p align=\"center\" style=\"text-align: justify; \"><span>O Instituto Brasileiro de Geografia e Estat\u00edstica (IBGE) divulgou em 17 de mar\u00e7o a decis\u00e3o pelo adiamento do Censo Demogr\u00e1fico que seria realizado neste ano de 2020, devido \u00e0s orienta\u00e7\u00f5es do Minist\u00e9rio da Sa\u00fade relacionadas ao quadro de emerg\u00eancia de sa\u00fade p\u00fablica causado pela Covid-19.\u00a0</span></p>\r\n<p style=\"text-align: justify; \">Segundo o IBGE, a medida leva em considera\u00e7\u00e3o a natureza de coleta da pesquisa, domiciliar e predominantemente presencial, com estimativa de visitas de mais de 180 mil recenseadores \u00e0 cerca de 71 milh\u00f5es de domic\u00edlios em todo o territ\u00f3rio nacional. Considera, do mesmo modo, a impossibilidade de realiza\u00e7\u00e3o, em tempo h\u00e1bil, de toda a cadeia de treinamentos para a opera\u00e7\u00e3o censit\u00e1ria, cuja primeira etapa se iniciaria em abril de 2020, de forma centralizada, e posteriormente replicada em polos regionais e locais at\u00e9 o m\u00eas de julho.<br />Para a opera\u00e7\u00e3o censit\u00e1ria, adiada para 2021, o IBGE estabeleceu formalmente com o Minist\u00e9rio da Sa\u00fade o compromisso de realocar o or\u00e7amento do Censo 2020 em prol das a\u00e7\u00f5es de enfrentamento ao coronav\u00edrus, mantidas por aquele Minist\u00e9rio. Em contrapartida, no pr\u00f3ximo ano, o Minist\u00e9rio da Sa\u00fade realocar\u00e1 or\u00e7amento no mesmo montante com vistas a assegurar a realiza\u00e7\u00e3o do Censo pelo IBGE.\u00a0\u00a0\u00a0<br />\u00a0Contemplando a data de refer\u00eancia dos \u00faltimos Censos realizados no Brasil, o pr\u00f3ximo Censo Demogr\u00e1fico ter\u00e1 como data de refer\u00eancia o dia 31 de julho de 2021, com coleta de dados prevista entre 1\u00ba de agosto e 31 de outubro do ano que vem.<br />O processo seletivo para contrata\u00e7\u00e3o de recenseadores e supervisores est\u00e1 suspenso. Candidatos que j\u00e1 efetuaram pagamento de inscri\u00e7\u00e3o ser\u00e3o reembolsados conforme orienta\u00e7\u00f5es que ainda ser\u00e3o publicadas.</p>\r\n<p align=\"center\" style=\"text-align: justify; \"><b>Censo - conhecendo o Brasil</b></p>\r\n<p style=\"text-align: justify; \">\u00a0<span>O\u00a0censo\u00a0ou\u00a0recenseamento demogr\u00e1fico\u00a0\u00e9 um\u00a0estudo estat\u00edstico\u00a0referente a uma popula\u00e7\u00e3o,\u00a0que possibilita o recolhimento de v\u00e1rias informa\u00e7\u00f5es, tais como o n\u00famero de homens, mulheres, crian\u00e7as e idosos, onde e como vivem as pessoas. Esse estudo \u00e9 realizado, normalmente, de dez em dez anos, na maioria dos pa\u00edses.</span></p>\r\n<p style=\"text-align: justify; \">Segundo a defini\u00e7\u00e3o da ONU, \"um recenseamento de popula\u00e7\u00e3o pode ser definido como o conjunto das opera\u00e7\u00f5es que consistem em recolher, agrupar e publicar dados demogr\u00e1ficos, econ\u00f4micos e sociais relativos a um momento determinado ou em certos per\u00edodos, a todos os habitantes de um pa\u00eds ou territ\u00f3rio\".</p>\r\n<p style=\"text-align: justify; \">O Censo Demogr\u00e1fico produz informa\u00e7\u00f5es atualizadas e precisas, que s\u00e3o fundamentais para o desenvolvimento e implementa\u00e7\u00e3o de pol\u00edticas p\u00fablicas e para a realiza\u00e7\u00e3o de investimentos, tanto do governo quanto da iniciativa privada. Al\u00e9m disso, uma sociedade que conhece a si mesma pode executar com efic\u00e1cia a\u00e7\u00f5es imediatas e planejar com seguran\u00e7a o seu futuro.</p>\r\n<p style=\"text-align: justify; \">No Brasil, o respons\u00e1vel pelos censos demogr\u00e1ficos \u00e9 o IBGE, desde 1936, quando o instituto foi criado, realizando em m\u00e9dia a cada dez anos o Censo Demogr\u00e1fico. Os censos demogr\u00e1ficos s\u00e3o planejados para serem executados nos anos de finais zero, ou seja, a cada dez anos. Desta forma o \u00faltimo censo realizado no Brasil foi no ano de 2010. Todavia, desta vez esta regra precisou ser alterada.\u00a0\u00a0\u00a0</p>\r\n<p style=\"text-align: justify; \">\u00a0</p>", "author_name": "", "version": "1.0", "author_url": "https://www.uba.mg.leg.br/author/comunicacao", "provider_name": " ", "type": "rich"}