{"provider_url": "https://www.uba.mg.leg.br", "title": "Centenas de estudantes iniciam o Pr\u00e9-Enem 2019", "html": "<p style=\"text-align: justify; \"><span>Cerca de 200 alunos acompanham, na tarde do \u00faltimo s\u00e1bado (18), a primeira aula do curso Pr\u00e9-Enem Social 2019, no plen\u00e1rio da C\u00e2mara Municipal de Ub\u00e1 (CMU). Eles foram recepcionados pelo presidente da CMU, vereador Jorge Cust\u00f3dio Gerv\u00e1sio, pelo vereador Jos\u00e9 Roberto Reis Filgueiras (presidente da Escola do Legislativo e vice-presidente da CMU), pela diretora-Geral do Legislativo, Ariadna Zonta Rodrigues, pelo representante do Instituto Federal Sudeste de Minas Gerais (IF-Sudeste/MG), campus avan\u00e7ado Ub\u00e1, Gilson Soares\u00a0Toledo (coordenador de extens\u00e3o da unidade) que apresentou a institui\u00e7\u00e3o e pela professora de Portugu\u00eas do IF-Sudeste/MG), Marcela Zambolim de Moura, que ministrou a aula de Reda\u00e7\u00e3o.</span></p>\r\n<p style=\"text-align: justify; \">Esta edi\u00e7\u00e3o do Pr\u00e9-Enem \u00e9 uma parceria entre a C\u00e2mara Municipal de Ub\u00e1, o Instituto Federal do Sudeste de Minas Gerais - IF Sudeste MG (campus Rio Pomba e campus avan\u00e7ado Ub\u00e1) e Universidade do Estado de Minas Gerais (UEMG \u2013 Ub\u00e1).</p>\r\n<p style=\"text-align: justify; \">A prof.\u00aa Marcela trabalhou conte\u00fados relacionados \u00e0 reda\u00e7\u00e3o, como a estrutura adequada do texto, os erros mais comuns e os poss\u00edveis temas a serem propostos no Exame Nacional do Ensino M\u00e9dio deste ano.</p>\r\n<p style=\"text-align: justify; \">Neste primeiro semestre ser\u00e3o oito s\u00e1bados de aulas. Ao todo, ser\u00e3o 18 s\u00e1bados, at\u00e9 26 de outubro. As\u00a0<a href=\"https://vestibular.brasilescola.uol.com.br/enem/como-serao-as-provas-enem-2019.htm\">provas do Exame Nacional do Ensino M\u00e9dio (Enem) de 2019 </a>\u00a0ser\u00e3o aplicadas nos dias 3 e 10 de novembro, dois domingos.</p>\r\n<p style=\"text-align: justify; \">A estudante da Escola Estadual Senador Levindo Coelho, Vanessa Fernandes Tavares, de 16 anos, participa do Pr\u00e9-Enem da CMU como treineira, j\u00e1 que est\u00e1 no 2\u00ba ano do Ensino M\u00e9dio. \u201c\u00c9 muito importante esta prepara\u00e7\u00e3o gratuita, pois, muitas pessoas n\u00e3o t\u00eam condi\u00e7\u00e3o financeira para pagar um cursinho e assim poderemos esclarecer nossas d\u00favidas e conseguir boa pontua\u00e7\u00e3o na prova\u201d, disse.</p>\r\n<p style=\"text-align: justify; \">Essa \u00e9 a primeira vez que o aluno da Escola Estadual Padre Jo\u00e3ozinho, Alberto Jos\u00e9 Lopes de Jesus, 17 anos, participa do Pr\u00e9-Enem Social da C\u00e2mara, e destacou a import\u00e2ncia do projeto. \u201cMinha expectativa \u00e9 muito grande em conseguir tirar uma nota boa no Enem, principalmente em reda\u00e7\u00e3o. Eu n\u00e3o tenho condi\u00e7\u00e3o financeira de pagar um cursinho e fico muito feliz com esta oportunidade que a C\u00e2mara e o Instituto Federal est\u00e3o nos proporcionando\u201d, ressaltou.</p>\r\n<p style=\"text-align: justify; \">O estudante da Escola Estadual Padre Jo\u00e3ozinho, Francisco Sebasti\u00e3o Teixeira Neto, 17 anos, contou que esta \u00e9 a segunda vez que ele participa das aulas do Pr\u00e9-Enem Social. \u201cAno passado eu acompanhei todas as aulas do Pr\u00e9-Enem na C\u00e2mara e gostei muito da prepara\u00e7\u00e3o. O curso presencial \u00e9 muito bom, pois, podemos esclarecer nossas d\u00favidas para fazermos uma boa prova\u201d concluiu.</p>\r\n<p style=\"text-align: justify; \">A PROFESSORA</p>\r\n<p style=\"text-align: justify; \">A professora de Reda\u00e7\u00e3o Marcela Zambolim de Moura \u00e9 graduada em Letras pela Universidade Federal de Juiz de Fora (UFJF) e Doutora em Lingu\u00edstica, tamb\u00e9m pela UFJF. \u00c9 professora efetiva do Instituto do Sudeste de Minas Gerais, campus Rio Pomba, onde ministra L\u00edngua Portuguesa, Literatura e Reda\u00e7\u00e3o, Produ\u00e7\u00e3o de textos t\u00e9cnico-cient\u00edficos, Ingl\u00eas Instrumental e \u00e1reas afins para cursos T\u00e9cnicos Integrados e cursos de Gradua\u00e7\u00e3o.</p>\r\n<p style=\"text-align: justify; \">SOBRE O IF-SUDESTE/MG<br /> O Instituto Federal de Educa\u00e7\u00e3o, Ci\u00eancia e Tecnologia do Sudeste de Minhas Gerais foi criado em dezembro de 2008, e integrou, em uma \u00fanica institui\u00e7\u00e3o, os antigos Centro Federal de Educa\u00e7\u00e3o Tecnol\u00f3gica de Rio Pomba (Cefet-RP), a Escola Agrot\u00e9cnica Federal de Barbacena e o Col\u00e9gio T\u00e9cnico Universit\u00e1rio (CTU) da UFJF. Atualmente a institui\u00e7\u00e3o \u00e9 composta por campi localizados nas cidades de Barbacena, Bom Sucesso, Cataguases, Juiz de Fora, Manhua\u00e7u, Muria\u00e9, Rio Pomba, Santos Dumont, S\u00e3o Jo\u00e3o del-Rei e Ub\u00e1. O munic\u00edpio de Juiz de Fora abriga, ainda, a Reitoria do Instituto.<br /> O IF Sudeste MG \u00e9 uma institui\u00e7\u00e3o de educa\u00e7\u00e3o superior, b\u00e1sica e profissional, pluricurricular e multicampi, especializada na oferta de educa\u00e7\u00e3o profissional e tecnol\u00f3gica nas diferentes modalidades de ensino, com base na conjuga\u00e7\u00e3o de conhecimentos t\u00e9cnicos e tecnol\u00f3gicos com as suas pr\u00e1ticas pedag\u00f3gicas. Os institutos federais t\u00eam por objetivo desenvolver e ofertar a educa\u00e7\u00e3o t\u00e9cnica e profissional em todos os seus n\u00edveis de modalidade e, com isso, formar e qualificar cidad\u00e3os para atuar nos diversos setores da economia, com \u00eanfase no desenvolvimento socioecon\u00f4mico local, regional e nacional.</p>", "author_name": "", "version": "1.0", "author_url": "https://www.uba.mg.leg.br/author/comunicacao", "provider_name": " ", "type": "rich"}