{"provider_url": "https://www.uba.mg.leg.br", "title": "Centenas de estudantes iniciam o Pr\u00e9-Enem Social", "html": "<p style=\"text-align: justify; \"><span>A primeira aula do curso Pr\u00e9-Enem Social 2018 reuniu cerca de 200 jovens na tarde do \u00faltimo s\u00e1bado, 4 de agosto, no plen\u00e1rio da C\u00e2mara Municipal de Ub\u00e1 (CMU). Eles foram recepcionados pelo diretor da Escola do Legislativo e vice-presidente da CMU, vereador Edeir Pacheco, e pela Diretora de Extens\u00e3o e Professora do Departamento de Ci\u00eancias Gerenciais do Campus Rio Pomba do IF Sudeste MG, Dr.\u00aa Elisete Reis de Oliveira, que apresentaram o projeto e a institui\u00e7\u00e3o parceira.</span></p>\r\n<p style=\"text-align: justify; \">Numa proposta din\u00e2mica e com a participa\u00e7\u00e3o dos alunos, a Prof.\u00aa Dr. \u00aa Marcela Zambolim de Moura trabalhou conte\u00fados relacionados \u00e0 \u201creda\u00e7\u00e3o\u201d, como a estrutura adequada do texto, os erros mais comuns e os poss\u00edveis temas a serem propostos no Exame Nacional do Ensino M\u00e9dio deste ano.<br />A reda\u00e7\u00e3o \u00e9 um dos \u2018gargalos\u2019 do Enem, com valor de mil pontos na avalia\u00e7\u00e3o, sendo tamb\u00e9m um t\u00f3pico no qual muitos t\u00eam dificuldades. \u00c9 o caso da estudante Vit\u00f3ria Carolina de Oliveira Melo, da Escola Estadual Eunice Weaver: \u201cachei bacana demais esta oportunidade que a C\u00e2mara est\u00e1 oferecendo; estava muito perdida em reda\u00e7\u00e3o e a aula me esclareceu muito!\u201d, diz Vit\u00f3ria.<br />Para Natan Ramos Benis, estudante da Escola Estadual Dr. Levindo Coelho, o curso \u00e9 uma oportunidade muito interessante para os que t\u00eam pouco tempo para estudar em casa e n\u00e3o possuem disponibilidade financeira para pagar cursinhos preparat\u00f3rios.<br />\u201cEstou sem estudar h\u00e1 muitos anos e quero prestar o Enem, para fazer faculdade de Direito\u201d, conta Jaqueline de Souza Braga. \u201cA aula de reda\u00e7\u00e3o foi excelente e o fato de o curso ser realizado \u00e0s tardes dos s\u00e1bados \u00e9 o ideal para os estudantes que tamb\u00e9m trabalham durante a semana\u201d, ressalta.<br />Esta edi\u00e7\u00e3o do Pr\u00e9-Enem \u00e9 uma parceria entre a Escola do Legislativo (EL) da CMU e o Instituto Federal de Educa\u00e7\u00e3o, Ci\u00eancia e Tecnologia do Sudeste de Minas Gerais - IF Sudeste MG (campus Rio Pomba e campus avan\u00e7ado Ub\u00e1). Ser\u00e3o onze s\u00e1bados de aulas, at\u00e9 27 de outubro, semana anterior \u00e0 aplica\u00e7\u00e3o das provas do Enem, marcadas para 4 e 11 de novembro.\u00a0<br />A pr\u00f3xima aula \u00e9 dia 11 de agosto, quando ser\u00e3o ministradas as primeiras etapas das disciplinas Geografia e Hist\u00f3ria.</p>\r\n<p style=\"text-align: justify; \">A professora de Reda\u00e7\u00e3o<br />Marcela Zambolim de Moura \u00e9 graduada em Letras pela Universidade Federal de Juiz de Fora (UFJF) e Doutora em Lingu\u00edstica, tamb\u00e9m pela UFJF. \u00c9 professora efetiva do Instituto Federal de Educa\u00e7\u00e3o, Ci\u00eancia e Tecnologia do Sudeste de Minas Gerais (IFET), campus Rio Pomba, onde ministra L\u00edngua Portuguesa, Literatura e Reda\u00e7\u00e3o, Produ\u00e7\u00e3o de textos t\u00e9cnico-cient\u00edficos, Ingl\u00eas Instrumental e \u00e1reas afins para cursos T\u00e9cnicos Integrados e cursos de Gradua\u00e7\u00e3o.</p>\r\n<p style=\"text-align: justify; \">O PROJETO<br />Desde 2015 o Pr\u00e9-Enem Social est\u00e1 entre os projetos de destaque da C\u00e2mara Municipal de Ub\u00e1 e em 2018 n\u00e3o poderia ser diferente. Cerca de 900 alunos participaram das tr\u00eas edi\u00e7\u00f5es anteriores desta iniciativa que visa oferecer a prepara\u00e7\u00e3o de aprendizagem para os estudantes que v\u00e3o prestar o exame.<br />As aulas gratuitas e direcionadas prioritariamente a estudantes da rede p\u00fablica de ensino de Ub\u00e1 s\u00e3o realizadas aos s\u00e1bados, das 14 \u00e0s 18 horas, na sede do Poder Legislativo Ubaense.<br />Parcerias n\u00e3o onerosas s\u00e3o firmadas entre a CMU e institui\u00e7\u00f5es de ensino reconhecidas. Neste ano, nosso parceiro \u00e9 o IF Sudeste MG (campus Rio Pomba e Ub\u00e1), cujo quadro docente est\u00e1 respons\u00e1vel por ministrar as aulas.</p>\r\n<p style=\"text-align: justify; \">SOBRE O IF-SUDESTE/MG<br />O Instituto Federal de Educa\u00e7\u00e3o, Ci\u00eancia e Tecnologia do Sudeste de Minhas Gerais foi criado em dezembro de 2008, e integrou, em uma \u00fanica institui\u00e7\u00e3o, os antigos Centro Federal de Educa\u00e7\u00e3o Tecnol\u00f3gica de Rio Pomba (Cefet-RP), a Escola Agrot\u00e9cnica Federal de Barbacena e o Col\u00e9gio T\u00e9cnico Universit\u00e1rio (CTU) da UFJF. Atualmente a institui\u00e7\u00e3o \u00e9 composta por campi localizados nas cidades de Barbacena, Bom Sucesso, Cataguases, Juiz de Fora, Manhua\u00e7u, Muria\u00e9, Rio Pomba, Santos Dumont, S\u00e3o Jo\u00e3o del-Rei e Ub\u00e1. O munic\u00edpio de Juiz de Fora abriga, ainda, a Reitoria do instituto.<br />O IF Sudeste MG \u00e9 uma institui\u00e7\u00e3o de educa\u00e7\u00e3o superior, b\u00e1sica e profissional, pluricurricular e multicampi, especializada na oferta de educa\u00e7\u00e3o profissional e tecnol\u00f3gica nas diferentes modalidades de ensino, com base na conjuga\u00e7\u00e3o de conhecimentos t\u00e9cnicos e tecnol\u00f3gicos com as suas pr\u00e1ticas pedag\u00f3gicas. Os institutos federais t\u00eam por objetivo desenvolver e ofertar a educa\u00e7\u00e3o t\u00e9cnica e profissional em todos os seus n\u00edveis de modalidade e, com isso, formar e qualificar cidad\u00e3os para atuar nos diversos setores da economia, com \u00eanfase no desenvolvimento socioecon\u00f4mico local, regional e nacional.</p>\r\n<p style=\"text-align: justify; \">Por Gisele Caires<br />Jornalista CMU</p>", "author_name": "", "version": "1.0", "author_url": "https://www.uba.mg.leg.br/author/comunicacao", "provider_name": " ", "type": "rich"}