{"provider_url": "https://www.uba.mg.leg.br", "title": "CMU busca aproxima\u00e7\u00e3o com faculdades de Ub\u00e1", "html": "<p style=\"text-align: justify; \">O diretor pedag\u00f3gico da <strong>Funda\u00e7\u00e3o Presidente Antonio Carlos</strong>\u00a0(Fupac) de Ub\u00e1, Wagner In\u00e1cio, esteve na C\u00e2mara Municipal de Ub\u00e1 (CMU), na \u00faltima ter\u00e7a-feira (4), a convite do diretor da <strong>Escola do Legislativo da Casa</strong>, vereador Edeir Pacheco.</p>\r\n<p style=\"text-align: justify; \">O objetivo desse encontro foi conversar sobre formas para se estabelecer uma maior aproxima\u00e7\u00e3o entre a CMU e a institui\u00e7\u00e3o de ensino superior, de forma que a C\u00e2mara possa tamb\u00e9m apoiar e incentivar os projetos de pesquisas feitos pelos alunos.<span>O intuito \u00e9 abrir espa\u00e7o para que os estudantes possam expor seus trabalhos para al\u00e9m da faculdade, chegando \u00e0 comunidade que poder\u00e1 ser beneficiada pelos estudos.</span></p>\r\n<p style=\"text-align: center; \"><span><img src=\"https://www.uba.mg.leg.br/fotos-noticias/ReunioEdeireWagnerIncio_site.jpg\" alt=\"Reuni\u00e3o CMU e FUPAC\" class=\"image-inline\" title=\"Reuni\u00e3o CMU e FUPAC\" /></span></p>\r\n<p style=\"text-align: justify; \">Outro assunto abordado durante a conversa foi a possibilidade de um conv\u00eanio de est\u00e1gio entre a C\u00e2mara e a faculdade contemplando diversos cursos oferecidos pela institui\u00e7\u00e3o.</p>\r\n<p style=\"text-align: justify; \">A inten\u00e7\u00e3o da Escola do Legislativo \u00e9 que esse conv\u00eanio tamb\u00e9m seja firmado com as demais institui\u00e7\u00f5es dando mais oportunidades aos estudantes universit\u00e1rios da cidade.</p>\r\n<p style=\"text-align: justify; \"><em>Por Rafaela Namorato - Assessora de Comunica\u00e7\u00e3o CMU</em></p>\r\n<p style=\"text-align: justify; \"><em>Acompanhe as not\u00edcias da CMU tamb\u00e9m pela nossa p\u00e1gina no <a class=\"external-link\" href=\"https://www.facebook.com/CamaraMunicipalDeUba\" target=\"_self\" title=\"\">Facebook</a>. Curta e fique por dentro de tudo o que acontece.</em></p>", "author_name": "", "version": "1.0", "author_url": "https://www.uba.mg.leg.br/author/comunicacao", "provider_name": " ", "type": "rich"}