{"provider_url": "https://www.uba.mg.leg.br", "title": "CMU promove curso \"Governan\u00e7a e Planejamento das Contrata\u00e7\u00f5es\"", "html": "<p>A Escola do Legislativo da C\u00e2mara Municipal de Ub\u00e1 promove nos dias 15, 16 e 17 de julho de 2025, de 8h \u00e0s 17h, no plen\u00e1rio Vereador Lincoln Rodrigues Costa o curso: Governan\u00e7a e Planejamento das Contrata\u00e7\u00f5es, a cargo do Instrutor e Professor, Fabr\u00edcio Mareco.</p>\r\n<p>Constam na programa\u00e7\u00e3o 3 m\u00f3dulos: M\u00f3dulo 1 \u2013 Conceitos, princ\u00edpios e diretrizes da governan\u00e7a das contrata\u00e7\u00f5es; M\u00f3dulo 2 - Instrumentos de governan\u00e7a das contrata\u00e7\u00f5es; e M\u00f3dulo 3 - Planejamento da contrata\u00e7\u00e3o na lei 14.133/21.</p>\r\n<p>Fabr\u00edcio Mareco \u00e9 auditor Federal do Tribunal de Contas da Uni\u00e3o (TCU), com lota\u00e7\u00e3o em Bras\u00edlia, na Unidade de Auditoria Especializada em Contrata\u00e7\u00f5es \u2013 AudContrata\u00e7\u00f5es. Possui mais de 19 anos de experi\u00eancia fiscalizando e instruindo processos relacionados a licita\u00e7\u00f5es e contratos. Possui dupla forma\u00e7\u00e3o em Engenharia Civil (UFC) e Engenharia Generalista (\u00c9cole Centrale de Lyon na Fran\u00e7a).</p>\r\n<p>A Escola do Legislativo definiu que o curso ser\u00e1 direcionado \u00e0 participa\u00e7\u00e3o de representantes de outros \u00f3rg\u00e3os p\u00fablicos do Munic\u00edpio de Ub\u00e1, abrangendo a Administra\u00e7\u00e3o Direta e Indireta, autarquias, hospitais, bem como for\u00e7as de seguran\u00e7a, como Pol\u00edcia Militar e Corpo de Bombeiros, fortalecendo a coopera\u00e7\u00e3o institucional.</p>\r\n<p><span>Mais informa\u00e7\u00f5es na Escola do Legislativo pelo telefone: 3539-5018.</span></p>\r\n<p>\u00a0</p>\r\n<p>\u00a0</p>", "author_name": "", "version": "1.0", "author_url": "https://www.uba.mg.leg.br/author/comunicacao", "provider_name": " ", "type": "rich"}