{"provider_url": "https://www.uba.mg.leg.br", "title": "CMU realiza entrega de certificados do curso de libras", "html": "<p style=\"text-align: justify; \"><span class=\"textexposedshow\"><span>A Escola do Legislativo da C\u00e2mara Municipal de Ub\u00e1 realizou, na tarde de ter\u00e7a-feira (11), no plen\u00e1rio da Casa, a entrega de certificados de conclus\u00e3o do curso de Libras (L\u00edngua Brasileira de Sinais). Os quinze participantes das aulas foram recebidos pelo diretor da Escola e vice-presidente da CMU, vereador Edeir Pacheco e pelo 1\u00ba secret\u00e1rio da Casa, vereador pastor Darci Pires da Silva e pelo vereador Jos\u00e9 Roberto Filgueiras. </span></span></p>\r\n<p style=\"text-align: justify; \"><span class=\"textexposedshow\"><span>As aulas tiveram in\u00edcio em 07 de mar\u00e7o, no plen\u00e1rio da C\u00e2mara, compreendendo carga hor\u00e1ria de 30 horas/aula e foram ministradas pelo professor volunt\u00e1rio, Isac da Silva Haber, e o foco principal foi nos sinais, que s\u00e3o atribu\u00eddos para especificar palavra, pessoa, sentimento, entre outros. </span></span></p>\r\n<p style=\"text-align: justify; \"><span class=\"textexposedshow\"><span>Para o diretor da Escola do Legislativo, vereador Edeir Pacheco, o curso de Libras \u00e9 de grande import\u00e2ncia para atender melhor a popula\u00e7\u00e3o surda. Ele agradeceu ao professor Isac pela parceria e parabenizou os alunos que participaram das aulas.</span></span></p>\r\n<p style=\"text-align: justify; \"><span class=\"textexposedshow\"><span>O professor Isac falou sobre a import\u00e2ncia do curso para a cidade de Ub\u00e1. \u201cO poder p\u00fablico \u00e9 respons\u00e1vel pela difus\u00e3o da Libras, para toda a sociedade, desde quando ela foi aprovada como l\u00edngua oficial. Em Ub\u00e1 \u00e9 necess\u00e1rio se estabelecer a carreira de int\u00e9rprete e do instrutor de Libras, no Estado j\u00e1 possui estes profissionais e, aqui em Ub\u00e1 n\u00e3o tem na carreira docente a fun\u00e7\u00e3o de int\u00e9rprete e a fun\u00e7\u00e3o de instrutor\u201d, ressaltou Isac.</span></span></p>\r\n<p style=\"text-align: justify; \"><span class=\"textexposedshow\"><span>Segundo a estudante de Pedagogia da Unopar, Karen Tubiano Peluso, moradora da cidade de Pira\u00faba, o curso de Libras vai ajud\u00e1-la em sua futura profiss\u00e3o. \u201cAs aulas s\u00e3o enriquecedoras e o fato de eu estar na \u00e1rea de educa\u00e7\u00e3o \u00e9 ainda mais importante. Com o curso \u00e9 poss\u00edvel entender mais o universo dos surdos e espero contribuir de alguma forma\u201d, disse Karen. </span></span></p>\r\n<p style=\"text-align: justify; \"><span class=\"textexposedshow\"><span>O estudante de Ci\u00eancias Sociais da UEMG de Barbacena, Jo\u00e3o Wesley Santos de Oliveira, tamb\u00e9m participou do curso. \u201cAprender l\u00edngua de sinais \u00e9 uma forma de perceber como o surdo se comunica, interage, vive, relaciona, como ele participa da sociedade, enfim, possibilitar a comunica\u00e7\u00e3o entre pessoas surdas e ouvintes\u201d, concluiu o estudante.</span></span></p>\r\n<p style=\"text-align: justify; \"><span class=\"textexposedshow\"><span>O PROFESSOR</span></span></p>\r\n<p style=\"text-align: justify; \"><span class=\"textexposedshow\"><span>Isac da Silva Haber \u00e9 professor especialista em LIBRAS pela Sociesc-Sociedade Educacional de Santa Catarina. Foi aprovado no PROLIBRAS-MEC 2010. \u00c9 professor int\u00e9rprete de LIBRAS na Fupac/Ub\u00e1 para os Cursos de Direito, Enfermagem, Fisioterapia e Pedagogia.</span></span></p>\r\n<p style=\"text-align: justify; \"><span class=\"textexposedshow\"><span>\u00a0</span></span></p>", "author_name": "", "version": "1.0", "author_url": "https://www.uba.mg.leg.br/author/comunicacao", "provider_name": " ", "type": "rich"}