{"provider_url": "https://www.uba.mg.leg.br", "title": "CMU realiza solenidade de entrega da Medalha Fernando da Mota", "html": "<p class=\"paragraph\">A C\u00e2mara Municipal de Ub\u00e1 realizou, pela segunda vez, em 21 de mar\u00e7o de 2024, a solenidade de entrega\u00a0da\u00a0Medalha Fernando\u00a0da\u00a0Mota. A sess\u00e3o ocorreu no plen\u00e1rio Vereador Lincoln Rodrigues Costa.\u00a0<span>A homenagem foi institu\u00edda\u00a0com a moderniza\u00e7\u00e3o do Regimento Interno\u00a0da\u00a0C\u00e2mara Municipal de Ub\u00e1 em 2022, est\u00e1 prevista no artigo 165, par\u00e1grafos 1\u00ba e 2\u00ba, \u00e9 indicada\u00a0pela maioria absoluta dos Vereadores \u00e9 concedida\u00a0uma \u00fanica vez ao ano, na \u00faltima sexta-feira do m\u00eas de mar\u00e7o. A pessoa que recebe a Medalha Fernando\u00a0da\u00a0Mota, \u00e9 escolhida\u00a0pelos relevantes servi\u00e7os prestados em prol\u00a0das pessoas com defici\u00eancia no munic\u00edpio de Ub\u00e1. Este ano, o agraciado foi Francisco Eust\u00e1quio Arthidoro da Costa.</span></p>\r\n<p class=\"paragraph\">A sess\u00e3o solene foi conduzida\u00a0pelo presidente\u00a0da\u00a0C\u00e2mara Municipal de Ub\u00e1, vereador Jos\u00e9 Roberto Reis Filgueiras. Tamb\u00e9m integraram a mesa, o vice-presidente\u00a0da\u00a0CMU, vereador Edeir Pacheco\u00a0da\u00a0Costa; o segundo vice-presidente da C\u00e2mara Municipal de Ub\u00e1, vereador Gilson Fazolla Filgueiras e o vereador C\u00e9lio Lopes dos Santos. Tamb\u00e9m compuseram a mesa a secret\u00e1ria Municipal de Administra\u00e7\u00e3o, senhora M\u00f4nica Vallone Esp\u00f3sito Marchi, representando o prefeito de Ub\u00e1, Dr. Edson Teixeira Filho; o 1\u00ba Tenente BM Alexandre Lima Fagundes, representando o comandante da 2\u00aa Companhia de Bombeiros Militar de Ub\u00e1, capit\u00e3o BM Carlos Eduardo Guilarducci Fonseca; a presidente da Apae de Ub\u00e1, Rosane Soldati da Cruz; o presidente da 30\u00aa Subse\u00e7\u00e3o da Ordem Dos Advogados do Brasil (OAB) de Ub\u00e1, Dr. Miguel Pogialli Gasparoni; o membro da diretoria da Aciuba, Senhor Elias Ricardo Coelho, representando o presidente da Associa\u00e7\u00e3o Comercial e Industrial de Ub\u00e1, Sr. Silber da Silva Silveira e a administradora do Hospital Santa Isabel que tamb\u00e9m presidiu a C\u00e2mara por quatro de seus mandatos como vereadora, Ros\u00e2ngela Maria Alfenas de Andrade.</p>\r\n<p class=\"paragraph\"><span>O evento contou, ainda, com a apresenta\u00e7\u00e3o do Hino Nacional, Hino do Munic\u00edpio e a m\u00fasica Aquarela do Brasil, executados pelo maestro Wantuil Alexandre e pela musicista Tatiane Andrade.\u00a0</span><span>Na solenidade tiveram tamb\u00e9m duas apresenta\u00e7\u00f5es dos alunos da Apae de Ub\u00e1, sendo coordenados pela educadora Juliana Aparecida Firmino, para a apresenta\u00e7\u00e3o da m\u00fasica: Jeitinho Down e coordenados pelo Educador Robson Lu\u00eds Silva Souza, para uma apresenta\u00e7\u00e3o de Capoeira, com a m\u00fasica: \u00ca Meu Canavieiro, que emocionaram os presentes.</span></p>\r\n<p><b>O HOMENAGEADO</b></p>\r\n<p class=\"paragraph\">Francisco Eust\u00e1quio Arthidoro da Costa nasceu no munic\u00edpio de Tocantins, aos 04 de agosto de 1949, filho de Edith Teixeira Costa e do renomado mestre da L\u00edngua Portuguesa, Francisco Arthidoro da Costa (Professor Chiquinho).</p>\r\n<p class=\"paragraph\">Em 1964, ainda morando em Tocantins, trabalhou na Secretaria do Gin\u00e1sio S\u00e3o Jos\u00e9, ao lado de seu saudoso pai Professor.\u00a0Mudou-se para Ub\u00e1 em 1965 e aqui, desde ent\u00e3o, sempre residiu. Casou-se aos 12 de maio de 1973 com Joana D\u2019arc Carneiro Zaneli Arthidoro, com quem teve as filhas Juliana Zaneli Arthidoro e Patr\u00edcia Zaneli Arthidoro, sendo av\u00f4 coruja de Nathan, Dalila, Nyce e Maria. \u00c9 tamb\u00e9m pai afetivo de Geraldo Reis dos Santos, o Zizi.\u00a0\u00a0</p>\r\n<p class=\"paragraph\">Fez o curso prim\u00e1rio e iniciou o primeiro grau em sua cidade natal, nas Escolas Capit\u00e3o Ant\u00f4nio Pinto Miranda e Gin\u00e1sio S\u00e3o Jos\u00e9, concluindo em 1956 no Col\u00e9gio Estadual Raul Soares, de Ub\u00e1.\u00a0 Seguiu o segundo grau na Escola Estadual Senador Levindo Coelho e, mais recentemente, o curso superior em Direito, na UNIPAC de Ub\u00e1, sendo advogado inscrito na 30\u00aa Subse\u00e7\u00e3o da Ordem dos Advogados do Brasil, desde 2014.\u00a0\u00a0</p>\r\n<p class=\"paragraph\">\u201cChiquito Arthidoro\u201d, como \u00e9 carinhosamente conhecido na comunidade ubaense, come\u00e7ou cedo no trabalho. Aos 15 anos, foi admitido como Auxiliar de Secretaria no Gin\u00e1sio S\u00e3o Jos\u00e9 de Tocantins e, com a mudan\u00e7a da fam\u00edlia para Ub\u00e1, exerceu a mesma fun\u00e7\u00e3o no Gin\u00e1sio Dom Bosco, at\u00e9 1969, a primeira escola a oferecer o curso noturno em Ub\u00e1. Esse era um trabalho volunt\u00e1rio, n\u00e3o remunerado.\u00a0</p>\r\n<p class=\"paragraph\">De 1969 a 1974, foi admitido como Secret\u00e1rio do Gin\u00e1sio Dom Bosco e, concomitantemente, exercia a fun\u00e7\u00e3o de Auxiliar de Secretaria do Col\u00e9gio Estadual Raul Soares, de onde saiu para ser Secret\u00e1rio da Escola T\u00e9cnica de Com\u00e9rcio de Ub\u00e1, fun\u00e7\u00e3o na qual permaneceu por 25 anos, at\u00e9 1983.</p>\r\n<p class=\"paragraph\">Em 1971, ainda como funcion\u00e1rio do Col\u00e9gio Raul Soares e Escola T\u00e9cnica de Com\u00e9rcio, passou a trabalhar tamb\u00e9m como Escrevente do Cart\u00f3rio de Protestos de Ub\u00e1, onde permaneceu por 40 anos, at\u00e9 se aposentar, chegando \u00e0 fun\u00e7\u00e3o de Tabeli\u00e3o, que exerceu de 2006 a 2009.\u00a0</p>\r\n<p class=\"paragraph\">Al\u00e9m de suas atividades profissionais, Chiquito sempre teve intensa participa\u00e7\u00e3o na vida social, esportiva e assistencial de Ub\u00e1, dentre as quais destacamos: atleta, presidente da Associa\u00e7\u00e3o Atl\u00e9tica Bandeirantes; Diretor do Ub\u00e1 T\u00eanis Clube e do Tabajara Esporte Clube; Presidente da Comiss\u00e3o Coordenadora de Assist\u00eancia ao Condenado e Fam\u00edlia; Presidente do Lions Clube de Ub\u00e1 (fun\u00e7\u00e3o na qual recebeu a Comenda Melvin Jones, pelo projeto Lions Internacional, que arrecadou fundos para a implanta\u00e7\u00e3o da UTI Neonatal do Hospital Santa Isabel); foi membro do Conselho Municipal de Sa\u00fade de Ub\u00e1; do Conselho Municipal do Meio Ambiente e membro dos Conselhos da Irmandade de Nossa Senhora da Sa\u00fade e da Associa\u00e7\u00e3o Beneficente Cat\u00f3lica, entidades mantenedoras dos Hospitais S\u00e3o Vicente de Paulo e Santa Isabel, sendo por muitos anos membro da Diretoria do Hospital Santa Isabel.\u00a0<span>E, por fim, durante muitos anos, membro do Conselho Deliberativo da Associa\u00e7\u00e3o de Pais e Amigos dos Excepcionais \u2013 APAE \u2013 de Ub\u00e1, de 1980 at\u00e9 os dias atuais, fazendo parte da Diretoria da institui\u00e7\u00e3o de 2002 a 2017, sendo seu presidente no per\u00edodo de 2017 a 2019, e hoje integra o Conselho Consultivo da Apae de Ub\u00e1.\u00a0\u00a0</span><span>Al\u00e9m do trabalho volunt\u00e1rio nas institui\u00e7\u00f5es filantr\u00f3picas mencionadas, Chiquito Arthidoro sempre foi atuante no movimento crist\u00e3o ligado \u00e0 Igreja Cat\u00f3lica em Ub\u00e1, onde, ao lado de sua esposa, participou como dirigente de diversos Encontros de Casais com Cristo, Movimento da Amizade Crist\u00e3, Encontro de Jovens com Cristo, Encontro com Cristo e Cursilho de Cristandade Crist\u00e3. Junto com outros casais, trouxe para Ub\u00e1 o Encontro de Adolescentes com Cristo.\u00a0\u00a0Chiquito faz parte do Movimento de Cursilho h\u00e1 47 anos.</span></p>\r\n<p class=\"paragraph\">Reconhecendo o seu devotamento e amor \u00e0s causas c\u00edvicas e sociais de nossa Terra, os Poderes Legislativo e Executivo lhe outorgaram, em 26 de agosto de 2000, o t\u00edtulo de Cidad\u00e3o Honor\u00e1rio de Ub\u00e1, que apenas veio oficializar um sentimento natural de Chiquito, que h\u00e1 muito j\u00e1 se considerava um ubaense, n\u00e3o obstante seu eterno amor e la\u00e7os s\u00f3lidos com sua Tocantins natal.\u00a0\u00a0 E em 13 de dezembro de 2018 recebeu o T\u00edtulo de Personalidade Ubaense do Ano.</p>\r\n<p class=\"paragraph\">Francisco Eust\u00e1quio Arthidoro da Costa \u00e9 dessas pessoas das quais \u00e9 muito f\u00e1cil se aproximar, dado o seu carisma natural e humildade. E, uma vez em sua presen\u00e7a, imposs\u00edvel n\u00e3o desejar se manter ao abrigo de sua amizade e de sua bondade.\u00a0 Que o digam os simples de cora\u00e7\u00e3o \u2014 as eternas crian\u00e7as da APAE de Ub\u00e1, \u00e0s quais Chiquito tem devotado muitos e muitos anos de sua vida.\u00a0<span>A escolha de seu nome para receber a Medalha Fernando da Mota \u00e9 um ato de justi\u00e7a e, mais ainda, de reconhecimento ao seu abnegado e obstinado trabalho em favor do pr\u00f3ximo.\u00a0</span></p>\r\n<p class=\"paragraph\">DISCURSOS</p>\r\n<p class=\"paragraph\">Emocionado, Chiquito Arthidoro fez o seu discurso de agradecimento: \u201cCom o misto de alegria e honra, compare\u00e7o perante os representantes do povo ubaense, nesta noite, quando a C\u00e2mara Municipal de Ub\u00e1 me outorga um pr\u00eamio acima dos meus atributos e al\u00e9m das minhas aspira\u00e7\u00f5es, a medalha Fernando da Mota.\u00a0 Fernando da Mota foi um grande ubaense, importado da cidade de Tocantins, de onde tamb\u00e9m tem origem minha fam\u00edlia e onde, afinal, eu tamb\u00e9m nasci. Se transferiu para Ub\u00e1 e aqui fez-se empres\u00e1rio, criou sua fam\u00edlia e desenvolveu importante trabalho social. Somos, ent\u00e3o, triplamente conterr\u00e2neos: somos tocantinenses de nascimento e ubaenses de cora\u00e7\u00e3o e voca\u00e7\u00e3o. Eu disse triplamente, porque somos tamb\u00e9m, com muito orgulho e alegria APAEANOS.</p>\r\n<p class=\"paragraph\">Chiquito agradeceu a escolha do seu nome para receber a honraria. \u201cUma medalha ostentando o nome do Fernando, me envaidece o cora\u00e7\u00e3o, aumenta o meu compromisso e constitui um incentivo para continuar trabalhando pela qualidade de vida das pessoas com defici\u00eancia e poder tamb\u00e9m retribuir um pouco a esta cidade carinho que t\u00e3o bem me acolheu. Sou cidad\u00e3o ubaense, gra\u00e7as \u00e0 vereadora Rosangela Alfenas, que por sua iniciativa recebi o t\u00edtulo de cidad\u00e3o ubaense em 2018 e o t\u00edtulo de Personalidade do Ano. E agora a Medalha Fernando da Mota, que aumentam ainda mais minha responsabilidade</p>\r\n<p class=\"paragraph\">O homenageado agradeceu tamb\u00e9m a Apae por pertencer a sua hist\u00f3ria e \u00e0 sua fam\u00edlia. \u201cMinha gratid\u00e3o profunda \u00e9 dirigida \u00e0 minha fam\u00edlia, minha esposa Date, meus filhos Juliana, Patr\u00edcia, Geraldo, meus netos Nyce, Nathan, Dalila, Maria minha princesa, meu genro Gustavo. Voc\u00eas s\u00e3o a fonte do meu apoio e inspira\u00e7\u00e3o. Sem o carinho e suporte que voc\u00eas me proporcionam, eu n\u00e3o teria alcan\u00e7ado o que alcancei hoje. Agrade\u00e7o em especial ao meu querido pai, professor Chiquinho, meu suporte. Minha Luz. Com ele comecei a conviver na Apae.\u00a0 Pena que n\u00e3o est\u00e1 aqui fisicamente presente. Agrade\u00e7o aos meus irm\u00e3os, P\u00e9ricles, Thomires, Cliseida, Tarc\u00edsio, Vitor, Milton e \u00c2ngelo. Agrade\u00e7o aos meus primos, parentes, autoridades e amigos que me prestigiam nesta noite\u201d, pontuou Chiquito Arthidoro.</p>\r\n<p class=\"paragraph\">\u00a0<span>M\u00f4nica Vallone justificou a aus\u00eancia do prefeito municipal de Ub\u00e1 na solenidade e parabenizou a C\u00e2mara Municipal pela cria\u00e7\u00e3o desta importante honraria, que reconhece \u00e0queles que fazem da sua vida uma miss\u00e3o pela inclus\u00e3o das pessoas com defici\u00eancia. \u201cReconhe\u00e7o que nossa sociedade avan\u00e7ou muito neste tema, mas pode ir ainda mais longe. Precisamos afastar o fantasma do \"capacitismo\", uma das principais formas de preconceito que impede a plena cidadania das pessoas com defici\u00eancia. E o trabalho de pessoas como o homenageado desta noite, Sr. Francisco Eust\u00e1quio Arthidoro da Costa, o \"Chiquito\", representa o que temos de melhor a oferecer: A educa\u00e7\u00e3o inclusiva, a inser\u00e7\u00e3o no mercado de trabalho, o incentivo ao esporte, \u00e0 cultura e tudo mais que atue para ampliar horizontes de todas as pessoas, sem distin\u00e7\u00e3o\u201d, declarou M\u00f4nica.</span></p>\r\n<p class=\"paragraph\">O presidente\u00a0da\u00a0C\u00e2mara, vereador Jos\u00e9 Roberto Reis Filgueiras, em seu discurso destacou a import\u00e2ncia\u00a0da\u00a0homenagem que leva o nome de Fernando\u00a0da\u00a0Mota\u00a0e a escolha do nome do nome do Francisco Arthidoro para receber a homenagem de 2024. \u201cChiquito se tornou um pilar fundamental para a institui\u00e7\u00e3o. Sua atua\u00e7\u00e3o nas mais diversas \u00e1reas \u00e9 fundamental para o desenvolvimento e o sucesso de diversos projetos e a\u00e7\u00f5es que beneficiaram centenas de pessoas com defici\u00eancia e suas fam\u00edlias. Sua empatia e sensibilidade sempre inspiram a todos que o cercam. O senhor Chiquito \u00e9 um verdadeiro exemplo de como a a\u00e7\u00e3o volunt\u00e1ria pode transformar vidas, sempre atuante em v\u00e1rios setores da sociedade\u201d, ressaltou o presidente.</p>\r\n<p class=\"paragraph\">Jos\u00e9 Roberto destacou tamb\u00e9m: \u201cPara al\u00e9m de sua atua\u00e7\u00e3o na APAE, Chiquito \u00e9 um homem de f\u00e9 e convic\u00e7\u00f5es. Sua religiosidade o guia em suas a\u00e7\u00f5es e o motiva a ajudar o pr\u00f3ximo. Por isto, nesta noite, em reconhecimento aos seus m\u00e9ritos e \u00e0 sua valiosa contribui\u00e7\u00e3o para a APAE e para Ub\u00e1, a C\u00e2mara Municipal lhe confere a Medalha Fernanda Mota. Que sua hist\u00f3ria continue a inspirar outras pessoas a se unirem \u00e0 causa Apaeana e a se tornarem agentes de transforma\u00e7\u00e3o social\u201d, ressaltou.</p>\r\n<p class=\"paragraph\">QUEM FOI FERNANDO\u00a0DA\u00a0MOTA</p>\r\n<p class=\"paragraph\">O saudoso Fernando\u00a0da\u00a0Mota\u00a0nasceu em 12 de junho de 1935 e a\u00a0data de seu falecimento \u00e9 09 de agosto de 2004. Seus pais eram Maria Fernandes Gon\u00e7alves e Cristiano\u00a0da\u00a0Mota\u00a0J\u00fanior. \u00a0Fernando\u00a0da\u00a0Mota\u00a0casou-se em 18 de maio de 1963, com Ign\u00eaz Cataldo\u00a0da\u00a0Mota, com quem teve os filhos: Fernando\u00a0da\u00a0Mota\u00a0J\u00fanior e Enrico Cataldo\u00a0da\u00a0Mota\u00a0j\u00e1 falecidos e Sandro Cataldo\u00a0Mota. Mudou-se de Tocantins no ano 1948 para a cidade de Ub\u00e1 com a finalidade de estudar no Gin\u00e1sio S\u00e3o Jos\u00e9 e posteriormente no Col\u00e9gio Estadual Raul Soares.</p>\r\n<p class=\"paragraph\">Foi Presidente do Tabajara Esporte Clube no per\u00edodo: julho de 1970 a julho de 1972. Fundou junto com o Sr. Jos\u00e9 Champagnat Lopes Vieira, a Associa\u00e7\u00e3o de Pais e Amigos dos Excepcionais (APAE de Ub\u00e1) em 02 de mar\u00e7o de 1972.\u00a0 O senhor Fernando\u00a0da\u00a0Mota\u00a0presidiu a Apae por 24 anos, no per\u00edodo de 1980 a 2004.</p>\r\n<p class=\"paragraph\">Foi tamb\u00e9m Delegado Regional\u00a0das APAEs\u00a0da\u00a0Zona\u00a0da\u00a0Mata \u2013 Federa\u00e7\u00e3o\u00a0das APAEs do Estado de Minas Gerais no per\u00edodo: 1983 a 1995. Membro do Conselho Fiscal\u00a0da\u00a0Federa\u00e7\u00e3o\u00a0das APAEs do Estado de Minas Gerais no per\u00edodo de 1997 a 1999. Vice-Presidente\u00a0da\u00a0Federa\u00e7\u00e3o\u00a0das APAEs do Estado de Minas Gerais por tr\u00eas mandatos: de 1999 a 2001, de 2001 a 2003 e de 2003 a 2004. Presidente em exerc\u00edcio\u00a0da\u00a0Federa\u00e7\u00e3o\u00a0das APAEs do Estado de Minas Gerais de maio de 2002 a 11 de novembro de 2002. E Presidente do Conselho Municipal de Assist\u00eancia Social de Ub\u00e1 em 2001. Incentivou e orientou na funda\u00e7\u00e3o\u00a0das APAEs de: Ponte Nova, Vi\u00e7osa, Leopoldina, Senador Firmino, Dores do Turvo, Visconde do Rio Branco, Tocantins, Pira\u00faba, Merc\u00eas, Rio Pomba, Caranda\u00ed, Mirai, Teixeiras, Abre Campo, Cristina, Ilic\u00ednea, Miradouro, e\u00a0da\u00a0reativa\u00e7\u00e3o de Diamantina.</p>\r\n<p class=\"paragraph\">A inaugura\u00e7\u00e3o\u00a0da\u00a0APAE Rural/Ub\u00e1 \u2013 Centro Profissionalizante Boa Esperan\u00e7a em 1997, foi a grande realiza\u00e7\u00e3o de um sonho, pois, o senhor Fernando\u00a0da\u00a0Mota\u00a0preocupava-se com o futuro e amparo dos portadores de defici\u00eancia ap\u00f3s os 16 anos de idade, os quais o governo n\u00e3o ampara. Existindo nesta propriedade toda\u00a0a estrutura terap\u00eautica, pedag\u00f3gica, ocupacional e profissionalizante. Outro grande sonho do Fernando\u00a0da\u00a0Mota\u00a0tamb\u00e9m foi realizado na \u00e1rea\u00a0da\u00a0assist\u00eancia social, especialmente\u00a0das APAEs: a funda\u00e7\u00e3o\u00a0da\u00a0APAE de Tocantins (sua terra natal) em novembro de 2001. A Apae tem a miss\u00e3o de promover a melhoria\u00a0da\u00a0qualidade de vida\u00a0da\u00a0pessoa com defici\u00eancia intelectual e m\u00faltipla, em todo seu ciclo de vida, por meio\u00a0da\u00a0presta\u00e7\u00e3o de servi\u00e7os na \u00e1rea\u00a0da\u00a0sa\u00fade, educa\u00e7\u00e3o e assist\u00eancia social, com qualidade e efici\u00eancia. A Apae de Ub\u00e1 completou em mar\u00e7o de 2023, 51 anos de exist\u00eancia.</p>\r\n<p class=\"paragraph\">\u00a0<span>Acompanhe a sess\u00e3o solene no canal do Youtube da C\u00e2mara Municipal de Ub\u00e1.</span></p>\r\n<div class=\"acfifjfajpekbmhmjppnmmjgmhjkildl\" id=\"acfifjfajpekbmhmjppnmmjgmhjkildl\"></div>", "author_name": "", "version": "1.0", "author_url": "https://www.uba.mg.leg.br/author/comunicacao", "provider_name": " ", "type": "rich"}