{"provider_url": "https://www.uba.mg.leg.br", "title": "CMU visita Legislativo de Pouso Alegre", "html": "<p><span>O diretor da Escola do Legislativo e vice-presidente da C\u00e2mara Municipal de\u00a0</span><span class=\"text_exposed_show\">Ub\u00e1 (CMU), vereador Edeir Pacheco da Costa, acompanhado do vereador Darci Pires da Silva e dos servidores Maria Cl\u00e1udia Mello (diretora da Casa) e Luiz Alberto Vargas (assessor da Escola do Legislativo), visitou, na \u00faltima quarta-feira, 20 de junho, a Casa Legislativa de Pouso Alegre, cidade localizada no Sul de Minas.</span></p>\r\n<div class=\"text_exposed_show\">\r\n<p>O objetivo principal da visita foi conhecer a Escola do Legislativo Professor R\u00f4mulo Coelho e os projetos de educa\u00e7\u00e3o cidad\u00e3 realizados pela institui\u00e7\u00e3o, que s\u00e3o refer\u00eancia nacional.</p>\r\n<p>A equipe da CMU foi recebida pela Diretora da Escola, Madu Macedo, que apresentou todos os projetos desenvolvidos, entre os quais a aplica\u00e7\u00e3o do estudo da Constitui\u00e7\u00e3o em Mi\u00fados, parceria entre Senado Federal, Associa\u00e7\u00e3o Brasileira das Escolas do Legislativo e Contas - ABEL e a C\u00e2mara de Pouso Alegre, com texto de sua autoria.</p>\r\n<p>A Presidente da Escola do Legislativo, Vereadora Prof\u00aa. Maril\u00e9ia Franco e o Presidente da C\u00e2mara Municipal de Pouso Alegre, Vereador Leandro Morais, tamb\u00e9m acompanharam a apresenta\u00e7\u00e3o dos trabalhos e fizeram uma visita guiada \u00e0s depend\u00eancias da Casa Legislativa Pouso Alegrense.</p>\r\n<p>\"Voltamos muito bem impressionados com as atividades realizadas pela Escola do Legislativo de Pouso Alegre no que tange a educa\u00e7\u00e3o para a pol\u00edtica e cidadania. A troca de experi\u00eancias \u00e9 muito importante para darmos impulso aos projetos que temos em mente para o pr\u00f3ximo semestre em nossa Escola.\", destacou entusiasmado o diretor da Escola do Legislativo da CMU, Vereador Edeir.</p>\r\n</div>", "author_name": "", "version": "1.0", "author_url": "https://www.uba.mg.leg.br/author/comunicacao", "provider_name": " ", "type": "rich"}