{"provider_url": "https://www.uba.mg.leg.br", "title": "COFTC realiza audi\u00eancia p\u00fablica nesta sexta-feira", "html": "<p>A Comiss\u00e3o de Or\u00e7amento, Finan\u00e7as e Tomada de Contas (COFTC) da C\u00e2mara Municipal de Ub\u00e1 convida a todos para a audi\u00eancia p\u00fablica de presta\u00e7\u00e3o de contas pela Prefeitura de Ub\u00e1, referente ao 3\u00ba quadrimestre de 2019. A audi\u00eancia ser\u00e1 nesta sexta-feira (21), \u00e0s 16h. no Plen\u00e1rio do Legislativo Ubaense. Participe!</p>\r\n<div class=\"_3x-2\" data-ft=\"{&quot;tn&quot;:&quot;H&quot;}\">\r\n<div data-ft=\"{&quot;tn&quot;:&quot;H&quot;}\">\r\n<div class=\"mtm\">\r\n<div>\r\n<div class=\"_5cq3 _1ktf\" data-ft=\"{&quot;tn&quot;:&quot;E&quot;}\"><a class=\"_4-eo _2t9n\" href=\"https://www.facebook.com/CamaraMunicipalDeUba/photos/a.233556786743704/2745290375570320/?type=3&amp;av=233331086766274&amp;eav=Afba0oqAaeWCR4BTGviu992e2d4qcUj2PEtj8uT6B-PIIVpAymgIht9MfH1i2w4iFSE&amp;eid=ARDOy-FaUJsNowAIwFjedxOydR-6eQv88IIgFMiuiwWhLguoQ0gMzB_d3WOdPfJkaIZnNNnvkEMFkn08&amp;__xts__%5B0%5D=68.ARD9yTcQeaukMuaLm7NhS_rp6iKu_wHzAz9acAha3QdwMjm23muFehuwDyppflX5AZxiGxp_R3WMDAb350l4Ayw5bKm0L-147v_U5wl2z49C4CxrsAnBy3ALD5AeOi7E3wFLQ-Hd-yaLtKZ9iOaNMAX21MIHBME5wCOnOy3tpEHsH2M9P672_O0LjvMl1FgfH3zNXGClFzt7w96OY8k7Rbi5OJo_0_OyaMNi0ZAZ0rzg24wdLHjG57vsu_FwYVPqI2Am7kwL5GP_HSTkrgmrYExidfwznfvemkPA94A2c9DYr-JVyEHOpbXsqWNFe80AaDR0RXyn4pXCAsyGzzdG1cWu6Q&amp;__tn__=EHH-R\" rel=\"theater\" data-ploi=\"https://scontent.fmea2-1.fna.fbcdn.net/v/t1.0-9/86766507_2745290382236986_7505043282007687168_o.jpg?_nc_cat=110&amp;_nc_ohc=MlXM4Eq6YSUAX_XH51y&amp;_nc_ht=scontent.fmea2-1.fna&amp;oh=3b17f1f4d25ce8a2c8285039a8492a52&amp;oe=5EBCD073\" data-plsi=\"https://scontent.fmea2-1.fna.fbcdn.net/v/t1.0-9/s960x960/86766507_2745290382236986_7505043282007687168_o.jpg?_nc_cat=110&amp;_nc_ohc=MlXM4Eq6YSUAX_XH51y&amp;_nc_ht=scontent.fmea2-1.fna&amp;_nc_tp=7&amp;oh=54b9f24f90b2daa4934c32348779d2f6&amp;oe=5EC2E414\" data-render-location=\"homepage_stream\"></a></div>\r\n</div>\r\n</div>\r\n</div>\r\n</div>", "author_name": "", "version": "1.0", "author_url": "https://www.uba.mg.leg.br/author/comunicacao", "provider_name": " ", "type": "rich"}