{"provider_url": "https://www.uba.mg.leg.br", "title": "COFTC preside audi\u00eancia p\u00fablica para presta\u00e7\u00e3o de contas", "html": "<p>A Comiss\u00e3o de Or\u00e7amento, Finan\u00e7as e Tomada de Contas da C\u00e2mara Municipal de Ub\u00e1 realiza, em 26 de setembro, \u00e0s 14h, no plen\u00e1rio do Legislativo Ubaense, a audi\u00eancia p\u00fablica de presta\u00e7\u00e3o de contas do 2\u00ba Quadrimestre de 2019. Participe! \u00a0</p>", "author_name": "", "version": "1.0", "author_url": "https://www.uba.mg.leg.br/author/comunicacao", "provider_name": " ", "type": "rich"}